{"id":5634,"date":"2023-05-09T16:24:13","date_gmt":"2023-05-09T19:24:13","guid":{"rendered":"https:\/\/tvnova.tv.br\/jornalfatonovo\/?p=5634"},"modified":"2023-05-09T16:29:03","modified_gmt":"2023-05-09T19:29:03","slug":"campanha-arrecada-potes-para-armazenamento-de-leite-materno","status":"publish","type":"post","link":"https:\/\/tvnova.tv.br\/jornalfatonovo\/campanha-arrecada-potes-para-armazenamento-de-leite-materno\/","title":{"rendered":"Campanha arrecada potes para armazenamento de leite materno"},"content":{"rendered":"<p><span style=\"font-weight: 400\">Para celebrar o Dia Mundial de Doa\u00e7\u00e3o do Leite Humano, comemorado em 19 de maio, o Centro Universit\u00e1rio Est\u00e1cio Recife est\u00e1 realizando a campanha \u201cAlimente uma Vida\u201d, para arrecadar potes para armazenamento de leite materno. Os materiais ser\u00e3o entregues ao banco de leite da Maternidade Bandeira Filho, no bairro de Afogados, Zona Oeste da capital. Qualquer pessoa pode fazer a doa\u00e7\u00e3o e os potes precisam ser de vidro com tampa de pl\u00e1stico rosque\u00e1vel.<\/span><\/p>\n<p>&nbsp;<\/p>\n<p><span style=\"font-weight: 400\">O material deve ser entregue no campus da Est\u00e1cio, localizado na Avenida Abdias de Carvalho, no bairro da Madalena, para a coordena\u00e7\u00e3o do curso de Nutri\u00e7\u00e3o, durante o hor\u00e1rio comercial. Entre os dias 15 e 19 de maio, professores e estudantes desse curso de Nutri\u00e7\u00e3o estar\u00e3o na maternidade orientando as pu\u00e9rperas sobre a import\u00e2ncia da alimenta\u00e7\u00e3o saud\u00e1vel durante a amamenta\u00e7\u00e3o.<\/span><\/p>\n","protected":false},"excerpt":{"rendered":"<p>Para celebrar o Dia Mundial de Doa\u00e7\u00e3o do Leite Humano, comemorado em 19 de maio, o Centro Universit\u00e1rio Est\u00e1cio Recife est\u00e1 realizando a campanha \u201cAlimente uma Vida\u201d, para arrecadar potes para armazenamento de leite materno. Os materiais ser\u00e3o entregues ao banco de leite da Maternidade Bandeira Filho, no bairro de Afogados, Zona Oeste da capital. [&hellip;]<\/p>\n","protected":false},"author":6,"featured_media":5638,"comment_status":"closed","ping_status":"","sticky":false,"template":"","format":"standard","meta":{"footnotes":""},"categories":[1],"tags":[530,461,531],"cores-categorias":[],"class_list":["post-5634","post","type-post","status-publish","format-standard","has-post-thumbnail","hentry","category-cidades","tag-amamentacao","tag-campanha","tag-nutricao"],"yoast_head":"<!-- This site is optimized with the Yoast SEO plugin v27.2 - https:\/\/yoast.com\/product\/yoast-seo-wordpress\/ -->\n<title>Campanha arrecada potes para armazenamento de leite materno - Jornal Fato Novo<\/title>\n<meta name=\"robots\" content=\"index, follow, max-snippet:-1, max-image-preview:large, max-video-preview:-1\" \/>\n<link rel=\"canonical\" href=\"https:\/\/tvnova.tv.br\/jornalfatonovo\/campanha-arrecada-potes-para-armazenamento-de-leite-materno\/\" \/>\n<meta property=\"og:locale\" content=\"pt_BR\" \/>\n<meta property=\"og:type\" content=\"article\" \/>\n<meta property=\"og:title\" content=\"Campanha arrecada potes para armazenamento de leite materno - Jornal Fato Novo\" \/>\n<meta property=\"og:description\" content=\"Para celebrar o Dia Mundial de Doa\u00e7\u00e3o do Leite Humano, comemorado em 19 de maio, o Centro Universit\u00e1rio Est\u00e1cio Recife est\u00e1 realizando a campanha \u201cAlimente uma Vida\u201d, para arrecadar potes para armazenamento de leite materno. Os materiais ser\u00e3o entregues ao banco de leite da Maternidade Bandeira Filho, no bairro de Afogados, Zona Oeste da capital. [&hellip;]\" \/>\n<meta property=\"og:url\" content=\"https:\/\/tvnova.tv.br\/jornalfatonovo\/campanha-arrecada-potes-para-armazenamento-de-leite-materno\/\" \/>\n<meta property=\"og:site_name\" content=\"Jornal Fato Novo\" \/>\n<meta property=\"article:publisher\" content=\"https:\/\/www.facebook.com\/tvnovanordeste\/\" \/>\n<meta property=\"article:published_time\" content=\"2023-05-09T19:24:13+00:00\" \/>\n<meta property=\"article:modified_time\" content=\"2023-05-09T19:29:03+00:00\" \/>\n<meta property=\"og:image\" content=\"https:\/\/tvnova.tv.br\/jornalfatonovo\/wp-content\/uploads\/2023\/05\/campanha.jpeg\" \/>\n\t<meta property=\"og:image:width\" content=\"1222\" \/>\n\t<meta property=\"og:image:height\" content=\"693\" \/>\n\t<meta property=\"og:image:type\" content=\"image\/jpeg\" \/>\n<meta name=\"author\" content=\"Victoria Campos\" \/>\n<meta name=\"twitter:card\" content=\"summary_large_image\" \/>\n<meta name=\"twitter:creator\" content=\"@tvnovanordeste\" \/>\n<meta name=\"twitter:site\" content=\"@tvnovanordeste\" \/>\n<meta name=\"twitter:label1\" content=\"Escrito por\" \/>\n\t<meta name=\"twitter:data1\" content=\"Victoria Campos\" \/>\n\t<meta name=\"twitter:label2\" content=\"Est. tempo de leitura\" \/>\n\t<meta name=\"twitter:data2\" content=\"1 minuto\" \/>\n<script type=\"application\/ld+json\" class=\"yoast-schema-graph\">{\"@context\":\"https:\/\/schema.org\",\"@graph\":[{\"@type\":\"Article\",\"@id\":\"https:\/\/tvnova.tv.br\/jornalfatonovo\/campanha-arrecada-potes-para-armazenamento-de-leite-materno\/#article\",\"isPartOf\":{\"@id\":\"https:\/\/tvnova.tv.br\/jornalfatonovo\/campanha-arrecada-potes-para-armazenamento-de-leite-materno\/\"},\"author\":{\"name\":\"Victoria Campos\",\"@id\":\"https:\/\/tvnova.tv.br\/jornalfatonovo\/#\/schema\/person\/91ba9daadb7e96d3cbe5e1b84619be88\"},\"headline\":\"Campanha arrecada potes para armazenamento de leite materno\",\"datePublished\":\"2023-05-09T19:24:13+00:00\",\"dateModified\":\"2023-05-09T19:29:03+00:00\",\"mainEntityOfPage\":{\"@id\":\"https:\/\/tvnova.tv.br\/jornalfatonovo\/campanha-arrecada-potes-para-armazenamento-de-leite-materno\/\"},\"wordCount\":157,\"publisher\":{\"@id\":\"https:\/\/tvnova.tv.br\/jornalfatonovo\/#organization\"},\"image\":{\"@id\":\"https:\/\/tvnova.tv.br\/jornalfatonovo\/campanha-arrecada-potes-para-armazenamento-de-leite-materno\/#primaryimage\"},\"thumbnailUrl\":\"https:\/\/tvnova.tv.br\/jornalfatonovo\/wp-content\/uploads\/2023\/05\/campanha.jpeg\",\"keywords\":[\"Amamenta\u00e7\u00e3o\",\"Campanha\",\"Nutri\u00e7\u00e3o\"],\"articleSection\":[\"Cidades\"],\"inLanguage\":\"pt-BR\"},{\"@type\":\"WebPage\",\"@id\":\"https:\/\/tvnova.tv.br\/jornalfatonovo\/campanha-arrecada-potes-para-armazenamento-de-leite-materno\/\",\"url\":\"https:\/\/tvnova.tv.br\/jornalfatonovo\/campanha-arrecada-potes-para-armazenamento-de-leite-materno\/\",\"name\":\"Campanha arrecada potes para armazenamento de leite materno - Jornal Fato Novo\",\"isPartOf\":{\"@id\":\"https:\/\/tvnova.tv.br\/jornalfatonovo\/#website\"},\"primaryImageOfPage\":{\"@id\":\"https:\/\/tvnova.tv.br\/jornalfatonovo\/campanha-arrecada-potes-para-armazenamento-de-leite-materno\/#primaryimage\"},\"image\":{\"@id\":\"https:\/\/tvnova.tv.br\/jornalfatonovo\/campanha-arrecada-potes-para-armazenamento-de-leite-materno\/#primaryimage\"},\"thumbnailUrl\":\"https:\/\/tvnova.tv.br\/jornalfatonovo\/wp-content\/uploads\/2023\/05\/campanha.jpeg\",\"datePublished\":\"2023-05-09T19:24:13+00:00\",\"dateModified\":\"2023-05-09T19:29:03+00:00\",\"breadcrumb\":{\"@id\":\"https:\/\/tvnova.tv.br\/jornalfatonovo\/campanha-arrecada-potes-para-armazenamento-de-leite-materno\/#breadcrumb\"},\"inLanguage\":\"pt-BR\",\"potentialAction\":[{\"@type\":\"ReadAction\",\"target\":[\"https:\/\/tvnova.tv.br\/jornalfatonovo\/campanha-arrecada-potes-para-armazenamento-de-leite-materno\/\"]}]},{\"@type\":\"ImageObject\",\"inLanguage\":\"pt-BR\",\"@id\":\"https:\/\/tvnova.tv.br\/jornalfatonovo\/campanha-arrecada-potes-para-armazenamento-de-leite-materno\/#primaryimage\",\"url\":\"https:\/\/tvnova.tv.br\/jornalfatonovo\/wp-content\/uploads\/2023\/05\/campanha.jpeg\",\"contentUrl\":\"https:\/\/tvnova.tv.br\/jornalfatonovo\/wp-content\/uploads\/2023\/05\/campanha.jpeg\",\"width\":1222,\"height\":693},{\"@type\":\"BreadcrumbList\",\"@id\":\"https:\/\/tvnova.tv.br\/jornalfatonovo\/campanha-arrecada-potes-para-armazenamento-de-leite-materno\/#breadcrumb\",\"itemListElement\":[{\"@type\":\"ListItem\",\"position\":1,\"name\":\"In\u00edcio\",\"item\":\"https:\/\/tvnova.tv.br\/jornalfatonovo\/\"},{\"@type\":\"ListItem\",\"position\":2,\"name\":\"Campanha arrecada potes para armazenamento de leite materno\"}]},{\"@type\":\"WebSite\",\"@id\":\"https:\/\/tvnova.tv.br\/jornalfatonovo\/#website\",\"url\":\"https:\/\/tvnova.tv.br\/jornalfatonovo\/\",\"name\":\"Jornal Fato Novo\",\"description\":\"Acompanhe as not\u00edcias de Pernambuco\",\"publisher\":{\"@id\":\"https:\/\/tvnova.tv.br\/jornalfatonovo\/#organization\"},\"potentialAction\":[{\"@type\":\"SearchAction\",\"target\":{\"@type\":\"EntryPoint\",\"urlTemplate\":\"https:\/\/tvnova.tv.br\/jornalfatonovo\/?s={search_term_string}\"},\"query-input\":{\"@type\":\"PropertyValueSpecification\",\"valueRequired\":true,\"valueName\":\"search_term_string\"}}],\"inLanguage\":\"pt-BR\"},{\"@type\":\"Organization\",\"@id\":\"https:\/\/tvnova.tv.br\/jornalfatonovo\/#organization\",\"name\":\"Jornal Fato Novo\",\"url\":\"https:\/\/tvnova.tv.br\/jornalfatonovo\/\",\"logo\":{\"@type\":\"ImageObject\",\"inLanguage\":\"pt-BR\",\"@id\":\"https:\/\/tvnova.tv.br\/jornalfatonovo\/#\/schema\/logo\/image\/\",\"url\":\"https:\/\/tvnova.tv.br\/jornalfatonovo1\/wp-content\/uploads\/2023\/04\/FATO-NOVO-1.png\",\"contentUrl\":\"https:\/\/tvnova.tv.br\/jornalfatonovo1\/wp-content\/uploads\/2023\/04\/FATO-NOVO-1.png\",\"width\":200,\"height\":60,\"caption\":\"Jornal Fato Novo\"},\"image\":{\"@id\":\"https:\/\/tvnova.tv.br\/jornalfatonovo\/#\/schema\/logo\/image\/\"},\"sameAs\":[\"https:\/\/www.facebook.com\/tvnovanordeste\/\",\"https:\/\/x.com\/tvnovanordeste\",\"https:\/\/www.instagram.com\/jornalfatonovope\/\"]},{\"@type\":\"Person\",\"@id\":\"https:\/\/tvnova.tv.br\/jornalfatonovo\/#\/schema\/person\/91ba9daadb7e96d3cbe5e1b84619be88\",\"name\":\"Victoria Campos\",\"url\":\"https:\/\/tvnova.tv.br\/jornalfatonovo\/author\/victoria\/\"}]}<\/script>\n<!-- \/ Yoast SEO plugin. -->","yoast_head_json":{"title":"Campanha arrecada potes para armazenamento de leite materno - Jornal Fato Novo","robots":{"index":"index","follow":"follow","max-snippet":"max-snippet:-1","max-image-preview":"max-image-preview:large","max-video-preview":"max-video-preview:-1"},"canonical":"https:\/\/tvnova.tv.br\/jornalfatonovo\/campanha-arrecada-potes-para-armazenamento-de-leite-materno\/","og_locale":"pt_BR","og_type":"article","og_title":"Campanha arrecada potes para armazenamento de leite materno - Jornal Fato Novo","og_description":"Para celebrar o Dia Mundial de Doa\u00e7\u00e3o do Leite Humano, comemorado em 19 de maio, o Centro Universit\u00e1rio Est\u00e1cio Recife est\u00e1 realizando a campanha \u201cAlimente uma Vida\u201d, para arrecadar potes para armazenamento de leite materno. Os materiais ser\u00e3o entregues ao banco de leite da Maternidade Bandeira Filho, no bairro de Afogados, Zona Oeste da capital. [&hellip;]","og_url":"https:\/\/tvnova.tv.br\/jornalfatonovo\/campanha-arrecada-potes-para-armazenamento-de-leite-materno\/","og_site_name":"Jornal Fato Novo","article_publisher":"https:\/\/www.facebook.com\/tvnovanordeste\/","article_published_time":"2023-05-09T19:24:13+00:00","article_modified_time":"2023-05-09T19:29:03+00:00","og_image":[{"width":1222,"height":693,"url":"https:\/\/tvnova.tv.br\/jornalfatonovo\/wp-content\/uploads\/2023\/05\/campanha.jpeg","type":"image\/jpeg"}],"author":"Victoria Campos","twitter_card":"summary_large_image","twitter_creator":"@tvnovanordeste","twitter_site":"@tvnovanordeste","twitter_misc":{"Escrito por":"Victoria Campos","Est. tempo de leitura":"1 minuto"},"schema":{"@context":"https:\/\/schema.org","@graph":[{"@type":"Article","@id":"https:\/\/tvnova.tv.br\/jornalfatonovo\/campanha-arrecada-potes-para-armazenamento-de-leite-materno\/#article","isPartOf":{"@id":"https:\/\/tvnova.tv.br\/jornalfatonovo\/campanha-arrecada-potes-para-armazenamento-de-leite-materno\/"},"author":{"name":"Victoria Campos","@id":"https:\/\/tvnova.tv.br\/jornalfatonovo\/#\/schema\/person\/91ba9daadb7e96d3cbe5e1b84619be88"},"headline":"Campanha arrecada potes para armazenamento de leite materno","datePublished":"2023-05-09T19:24:13+00:00","dateModified":"2023-05-09T19:29:03+00:00","mainEntityOfPage":{"@id":"https:\/\/tvnova.tv.br\/jornalfatonovo\/campanha-arrecada-potes-para-armazenamento-de-leite-materno\/"},"wordCount":157,"publisher":{"@id":"https:\/\/tvnova.tv.br\/jornalfatonovo\/#organization"},"image":{"@id":"https:\/\/tvnova.tv.br\/jornalfatonovo\/campanha-arrecada-potes-para-armazenamento-de-leite-materno\/#primaryimage"},"thumbnailUrl":"https:\/\/tvnova.tv.br\/jornalfatonovo\/wp-content\/uploads\/2023\/05\/campanha.jpeg","keywords":["Amamenta\u00e7\u00e3o","Campanha","Nutri\u00e7\u00e3o"],"articleSection":["Cidades"],"inLanguage":"pt-BR"},{"@type":"WebPage","@id":"https:\/\/tvnova.tv.br\/jornalfatonovo\/campanha-arrecada-potes-para-armazenamento-de-leite-materno\/","url":"https:\/\/tvnova.tv.br\/jornalfatonovo\/campanha-arrecada-potes-para-armazenamento-de-leite-materno\/","name":"Campanha arrecada potes para armazenamento de leite materno - Jornal Fato Novo","isPartOf":{"@id":"https:\/\/tvnova.tv.br\/jornalfatonovo\/#website"},"primaryImageOfPage":{"@id":"https:\/\/tvnova.tv.br\/jornalfatonovo\/campanha-arrecada-potes-para-armazenamento-de-leite-materno\/#primaryimage"},"image":{"@id":"https:\/\/tvnova.tv.br\/jornalfatonovo\/campanha-arrecada-potes-para-armazenamento-de-leite-materno\/#primaryimage"},"thumbnailUrl":"https:\/\/tvnova.tv.br\/jornalfatonovo\/wp-content\/uploads\/2023\/05\/campanha.jpeg","datePublished":"2023-05-09T19:24:13+00:00","dateModified":"2023-05-09T19:29:03+00:00","breadcrumb":{"@id":"https:\/\/tvnova.tv.br\/jornalfatonovo\/campanha-arrecada-potes-para-armazenamento-de-leite-materno\/#breadcrumb"},"inLanguage":"pt-BR","potentialAction":[{"@type":"ReadAction","target":["https:\/\/tvnova.tv.br\/jornalfatonovo\/campanha-arrecada-potes-para-armazenamento-de-leite-materno\/"]}]},{"@type":"ImageObject","inLanguage":"pt-BR","@id":"https:\/\/tvnova.tv.br\/jornalfatonovo\/campanha-arrecada-potes-para-armazenamento-de-leite-materno\/#primaryimage","url":"https:\/\/tvnova.tv.br\/jornalfatonovo\/wp-content\/uploads\/2023\/05\/campanha.jpeg","contentUrl":"https:\/\/tvnova.tv.br\/jornalfatonovo\/wp-content\/uploads\/2023\/05\/campanha.jpeg","width":1222,"height":693},{"@type":"BreadcrumbList","@id":"https:\/\/tvnova.tv.br\/jornalfatonovo\/campanha-arrecada-potes-para-armazenamento-de-leite-materno\/#breadcrumb","itemListElement":[{"@type":"ListItem","position":1,"name":"In\u00edcio","item":"https:\/\/tvnova.tv.br\/jornalfatonovo\/"},{"@type":"ListItem","position":2,"name":"Campanha arrecada potes para armazenamento de leite materno"}]},{"@type":"WebSite","@id":"https:\/\/tvnova.tv.br\/jornalfatonovo\/#website","url":"https:\/\/tvnova.tv.br\/jornalfatonovo\/","name":"Jornal Fato Novo","description":"Acompanhe as not\u00edcias de Pernambuco","publisher":{"@id":"https:\/\/tvnova.tv.br\/jornalfatonovo\/#organization"},"potentialAction":[{"@type":"SearchAction","target":{"@type":"EntryPoint","urlTemplate":"https:\/\/tvnova.tv.br\/jornalfatonovo\/?s={search_term_string}"},"query-input":{"@type":"PropertyValueSpecification","valueRequired":true,"valueName":"search_term_string"}}],"inLanguage":"pt-BR"},{"@type":"Organization","@id":"https:\/\/tvnova.tv.br\/jornalfatonovo\/#organization","name":"Jornal Fato Novo","url":"https:\/\/tvnova.tv.br\/jornalfatonovo\/","logo":{"@type":"ImageObject","inLanguage":"pt-BR","@id":"https:\/\/tvnova.tv.br\/jornalfatonovo\/#\/schema\/logo\/image\/","url":"https:\/\/tvnova.tv.br\/jornalfatonovo1\/wp-content\/uploads\/2023\/04\/FATO-NOVO-1.png","contentUrl":"https:\/\/tvnova.tv.br\/jornalfatonovo1\/wp-content\/uploads\/2023\/04\/FATO-NOVO-1.png","width":200,"height":60,"caption":"Jornal Fato Novo"},"image":{"@id":"https:\/\/tvnova.tv.br\/jornalfatonovo\/#\/schema\/logo\/image\/"},"sameAs":["https:\/\/www.facebook.com\/tvnovanordeste\/","https:\/\/x.com\/tvnovanordeste","https:\/\/www.instagram.com\/jornalfatonovope\/"]},{"@type":"Person","@id":"https:\/\/tvnova.tv.br\/jornalfatonovo\/#\/schema\/person\/91ba9daadb7e96d3cbe5e1b84619be88","name":"Victoria Campos","url":"https:\/\/tvnova.tv.br\/jornalfatonovo\/author\/victoria\/"}]}},"_links":{"self":[{"href":"https:\/\/tvnova.tv.br\/jornalfatonovo\/wp-json\/wp\/v2\/posts\/5634","targetHints":{"allow":["GET"]}}],"collection":[{"href":"https:\/\/tvnova.tv.br\/jornalfatonovo\/wp-json\/wp\/v2\/posts"}],"about":[{"href":"https:\/\/tvnova.tv.br\/jornalfatonovo\/wp-json\/wp\/v2\/types\/post"}],"author":[{"embeddable":true,"href":"https:\/\/tvnova.tv.br\/jornalfatonovo\/wp-json\/wp\/v2\/users\/6"}],"replies":[{"embeddable":true,"href":"https:\/\/tvnova.tv.br\/jornalfatonovo\/wp-json\/wp\/v2\/comments?post=5634"}],"version-history":[{"count":0,"href":"https:\/\/tvnova.tv.br\/jornalfatonovo\/wp-json\/wp\/v2\/posts\/5634\/revisions"}],"wp:featuredmedia":[{"embeddable":true,"href":"https:\/\/tvnova.tv.br\/jornalfatonovo\/wp-json\/wp\/v2\/media\/5638"}],"wp:attachment":[{"href":"https:\/\/tvnova.tv.br\/jornalfatonovo\/wp-json\/wp\/v2\/media?parent=5634"}],"wp:term":[{"taxonomy":"category","embeddable":true,"href":"https:\/\/tvnova.tv.br\/jornalfatonovo\/wp-json\/wp\/v2\/categories?post=5634"},{"taxonomy":"post_tag","embeddable":true,"href":"https:\/\/tvnova.tv.br\/jornalfatonovo\/wp-json\/wp\/v2\/tags?post=5634"},{"taxonomy":"cores-categorias","embeddable":true,"href":"https:\/\/tvnova.tv.br\/jornalfatonovo\/wp-json\/wp\/v2\/cores-categorias?post=5634"}],"curies":[{"name":"wp","href":"https:\/\/api.w.org\/{rel}","templated":true}]}}