{"id":5707,"date":"2023-05-10T17:06:30","date_gmt":"2023-05-10T20:06:30","guid":{"rendered":"https:\/\/tvnova.tv.br\/jornalfatonovo\/?p=5707"},"modified":"2023-05-10T17:13:05","modified_gmt":"2023-05-10T20:13:05","slug":"bairros-do-recife-serao-afetados-por-suspensao-no-abastecimento-da-compesa-a-partir-desta-quinta-11","status":"publish","type":"post","link":"https:\/\/tvnova.tv.br\/jornalfatonovo\/bairros-do-recife-serao-afetados-por-suspensao-no-abastecimento-da-compesa-a-partir-desta-quinta-11\/","title":{"rendered":"Bairros do Recife ser\u00e3o afetados por suspens\u00e3o no abastecimento da Compesa a partir desta quinta (11)"},"content":{"rendered":"<p>A Compesa (Companhia Pernambucana de Saneamento) anunciou, nesta quarta (10), que bairros do Recife v\u00e3o enfrentar falta de \u00e1gua ou queda de press\u00e3o nas torneiras a partir desta quinta-feira (11).<\/p>\n<p>Isso acontecer\u00e1 durante a execu\u00e7\u00e3o de servi\u00e7os de manuten\u00e7\u00e3o emergencial na Esta\u00e7\u00e3o Elevat\u00f3ria do Sistema Duas Unas (bombeamento), que integra o Complexo Tapacur\u00e1.<\/p>\n<p>A paralisa\u00e7\u00e3o acontece a partir das 15h, e finaliza\u00e7\u00e3o prevista para \u00e0s 5h30 da sexta-feira (12).<\/p>\n<p>De acordo com a companhia, ap\u00f3s a conclus\u00e3o dos servi\u00e7os, o abastecimento ser\u00e1 retomado de forma gradual at\u00e9 a completa pressuriza\u00e7\u00e3o da rede de distribui\u00e7\u00e3o.<\/p>\n<p>Veja os bairros que podem ser afetados:<\/p>\n<p>Aflitos<br \/>\nAfogados<br \/>\nAlto do Mandu<br \/>\nAlto de Santa Isabel<br \/>\nAlto 13 de Maio<br \/>\nApipucos<br \/>\nAreias<br \/>\nBairro do Recife<br \/>\nBarro<br \/>\nBomba Grande<br \/>\nBrasilit<br \/>\nBongi<br \/>\nBoa Vista<br \/>\nCabanga<br \/>\nCasa Amarela<br \/>\nCasa Forte<br \/>\nCa\u00e7ote<br \/>\nCaxang\u00e1<br \/>\nCidade Universitaria<br \/>\nCordeiro<br \/>\nCoqueiral<br \/>\nCoelhos<br \/>\nCoque<br \/>\nDerby<br \/>\nDetran<br \/>\nDois irm\u00e3os<br \/>\nEst\u00e2ncia<br \/>\nEngenho do Meio<br \/>\nEspinheiro<br \/>\nParte da Encruzilhada<br \/>\nGra\u00e7as<br \/>\nIputinga<br \/>\nIlha de Joaneiro<br \/>\nIlha do Retiro<br \/>\nIlha do Leite<br \/>\nIlha de Joana Bezerra<br \/>\nJardim S\u00e3o Paulo<br \/>\nJiquia<br \/>\nMacaxeira<br \/>\nMadalena<br \/>\nMangueira<br \/>\nMonsenhor Fabricio<br \/>\nMonteiro<br \/>\nMundo Novo<br \/>\nMustardinha<br \/>\nNovo Caxang\u00e1<br \/>\nParnamirim<br \/>\nPo\u00e7o da Panela<br \/>\nPrado<br \/>\nPaissandu<br \/>\nPacheco<br \/>\nParte do Rosarinho<br \/>\nRoda de Fogo<br \/>\nSan Martin<br \/>\nSantana<br \/>\nSanta Luzia<br \/>\nSanto Amaro<br \/>\nSanto Ant\u00f4nio<br \/>\nS\u00e3o Jos\u00e9<br \/>\nSoledade<br \/>\nSancho<br \/>\nTamarineira<br \/>\nTejipi\u00f3<br \/>\nTorre<br \/>\nTorr\u00f5es<br \/>\nV\u00e1rzea<br \/>\nVasco da Gama<br \/>\nVila Cardeal<br \/>\nZumbi<\/p>\n<p>&nbsp;<\/p>\n<p>Em nota publicada nas suas redes sociais, a Compesa &#8220;pede a compreens\u00e3o da popula\u00e7\u00e3o para a import\u00e2ncia das interven\u00e7\u00f5es para a melhoria operacional do sistema e recomenda o uso comedido de \u00e1gua at\u00e9 o restabelecimento do fornecimento.&#8221;<\/p>\n","protected":false},"excerpt":{"rendered":"<p>A Compesa (Companhia Pernambucana de Saneamento) anunciou, nesta quarta (10), que bairros do Recife v\u00e3o enfrentar falta de \u00e1gua ou queda de press\u00e3o nas torneiras a partir desta quinta-feira (11). Isso acontecer\u00e1 durante a execu\u00e7\u00e3o de servi\u00e7os de manuten\u00e7\u00e3o emergencial na Esta\u00e7\u00e3o Elevat\u00f3ria do Sistema Duas Unas (bombeamento), que integra o Complexo Tapacur\u00e1. A paralisa\u00e7\u00e3o [&hellip;]<\/p>\n","protected":false},"author":5,"featured_media":5711,"comment_status":"closed","ping_status":"","sticky":false,"template":"","format":"standard","meta":{"footnotes":""},"categories":[1],"tags":[382,562,563,309,564],"cores-categorias":[],"class_list":["post-5707","post","type-post","status-publish","format-standard","has-post-thumbnail","hentry","category-cidades","tag-compesa","tag-falta-dagua","tag-grande-recife","tag-recife","tag-regiao-metropolitana"],"yoast_head":"<!-- This site is optimized with the Yoast SEO plugin v27.2 - https:\/\/yoast.com\/product\/yoast-seo-wordpress\/ -->\n<title>Bairros do Recife ser\u00e3o afetados por suspens\u00e3o no abastecimento da Compesa a partir desta quinta (11) - Jornal Fato Novo<\/title>\n<meta name=\"robots\" content=\"index, follow, max-snippet:-1, max-image-preview:large, max-video-preview:-1\" \/>\n<link rel=\"canonical\" href=\"https:\/\/tvnova.tv.br\/jornalfatonovo\/bairros-do-recife-serao-afetados-por-suspensao-no-abastecimento-da-compesa-a-partir-desta-quinta-11\/\" \/>\n<meta property=\"og:locale\" content=\"pt_BR\" \/>\n<meta property=\"og:type\" content=\"article\" \/>\n<meta property=\"og:title\" content=\"Bairros do Recife ser\u00e3o afetados por suspens\u00e3o no abastecimento da Compesa a partir desta quinta (11) - Jornal Fato Novo\" \/>\n<meta property=\"og:description\" content=\"A Compesa (Companhia Pernambucana de Saneamento) anunciou, nesta quarta (10), que bairros do Recife v\u00e3o enfrentar falta de \u00e1gua ou queda de press\u00e3o nas torneiras a partir desta quinta-feira (11). Isso acontecer\u00e1 durante a execu\u00e7\u00e3o de servi\u00e7os de manuten\u00e7\u00e3o emergencial na Esta\u00e7\u00e3o Elevat\u00f3ria do Sistema Duas Unas (bombeamento), que integra o Complexo Tapacur\u00e1. A paralisa\u00e7\u00e3o [&hellip;]\" \/>\n<meta property=\"og:url\" content=\"https:\/\/tvnova.tv.br\/jornalfatonovo\/bairros-do-recife-serao-afetados-por-suspensao-no-abastecimento-da-compesa-a-partir-desta-quinta-11\/\" \/>\n<meta property=\"og:site_name\" content=\"Jornal Fato Novo\" \/>\n<meta property=\"article:publisher\" content=\"https:\/\/www.facebook.com\/tvnovanordeste\/\" \/>\n<meta property=\"article:published_time\" content=\"2023-05-10T20:06:30+00:00\" \/>\n<meta property=\"article:modified_time\" content=\"2023-05-10T20:13:05+00:00\" \/>\n<meta property=\"og:image\" content=\"https:\/\/tvnova.tv.br\/jornalfatonovo\/wp-content\/uploads\/2023\/05\/torneira.jpeg\" \/>\n\t<meta property=\"og:image:width\" content=\"283\" \/>\n\t<meta property=\"og:image:height\" content=\"178\" \/>\n\t<meta property=\"og:image:type\" content=\"image\/jpeg\" \/>\n<meta name=\"author\" content=\"gabriel\" \/>\n<meta name=\"twitter:card\" content=\"summary_large_image\" \/>\n<meta name=\"twitter:creator\" content=\"@tvnovanordeste\" \/>\n<meta name=\"twitter:site\" content=\"@tvnovanordeste\" \/>\n<meta name=\"twitter:label1\" content=\"Escrito por\" \/>\n\t<meta name=\"twitter:data1\" content=\"gabriel\" \/>\n\t<meta name=\"twitter:label2\" content=\"Est. tempo de leitura\" \/>\n\t<meta name=\"twitter:data2\" content=\"1 minuto\" \/>\n<script type=\"application\/ld+json\" class=\"yoast-schema-graph\">{\"@context\":\"https:\/\/schema.org\",\"@graph\":[{\"@type\":\"Article\",\"@id\":\"https:\/\/tvnova.tv.br\/jornalfatonovo\/bairros-do-recife-serao-afetados-por-suspensao-no-abastecimento-da-compesa-a-partir-desta-quinta-11\/#article\",\"isPartOf\":{\"@id\":\"https:\/\/tvnova.tv.br\/jornalfatonovo\/bairros-do-recife-serao-afetados-por-suspensao-no-abastecimento-da-compesa-a-partir-desta-quinta-11\/\"},\"author\":{\"name\":\"gabriel\",\"@id\":\"https:\/\/tvnova.tv.br\/jornalfatonovo\/#\/schema\/person\/c861a58e2ce361fc3f17006d718686aa\"},\"headline\":\"Bairros do Recife ser\u00e3o afetados por suspens\u00e3o no abastecimento da Compesa a partir desta quinta (11)\",\"datePublished\":\"2023-05-10T20:06:30+00:00\",\"dateModified\":\"2023-05-10T20:13:05+00:00\",\"mainEntityOfPage\":{\"@id\":\"https:\/\/tvnova.tv.br\/jornalfatonovo\/bairros-do-recife-serao-afetados-por-suspensao-no-abastecimento-da-compesa-a-partir-desta-quinta-11\/\"},\"wordCount\":297,\"publisher\":{\"@id\":\"https:\/\/tvnova.tv.br\/jornalfatonovo\/#organization\"},\"image\":{\"@id\":\"https:\/\/tvnova.tv.br\/jornalfatonovo\/bairros-do-recife-serao-afetados-por-suspensao-no-abastecimento-da-compesa-a-partir-desta-quinta-11\/#primaryimage\"},\"thumbnailUrl\":\"https:\/\/tvnova.tv.br\/jornalfatonovo\/wp-content\/uploads\/2023\/05\/torneira.jpeg\",\"keywords\":[\"Compesa\",\"Falta d'agua\",\"Grande Recife\",\"Recife\",\"Regi\u00e3o Metropolitana\"],\"articleSection\":[\"Cidades\"],\"inLanguage\":\"pt-BR\"},{\"@type\":\"WebPage\",\"@id\":\"https:\/\/tvnova.tv.br\/jornalfatonovo\/bairros-do-recife-serao-afetados-por-suspensao-no-abastecimento-da-compesa-a-partir-desta-quinta-11\/\",\"url\":\"https:\/\/tvnova.tv.br\/jornalfatonovo\/bairros-do-recife-serao-afetados-por-suspensao-no-abastecimento-da-compesa-a-partir-desta-quinta-11\/\",\"name\":\"Bairros do Recife ser\u00e3o afetados por suspens\u00e3o no abastecimento da Compesa a partir desta quinta (11) - Jornal Fato Novo\",\"isPartOf\":{\"@id\":\"https:\/\/tvnova.tv.br\/jornalfatonovo\/#website\"},\"primaryImageOfPage\":{\"@id\":\"https:\/\/tvnova.tv.br\/jornalfatonovo\/bairros-do-recife-serao-afetados-por-suspensao-no-abastecimento-da-compesa-a-partir-desta-quinta-11\/#primaryimage\"},\"image\":{\"@id\":\"https:\/\/tvnova.tv.br\/jornalfatonovo\/bairros-do-recife-serao-afetados-por-suspensao-no-abastecimento-da-compesa-a-partir-desta-quinta-11\/#primaryimage\"},\"thumbnailUrl\":\"https:\/\/tvnova.tv.br\/jornalfatonovo\/wp-content\/uploads\/2023\/05\/torneira.jpeg\",\"datePublished\":\"2023-05-10T20:06:30+00:00\",\"dateModified\":\"2023-05-10T20:13:05+00:00\",\"breadcrumb\":{\"@id\":\"https:\/\/tvnova.tv.br\/jornalfatonovo\/bairros-do-recife-serao-afetados-por-suspensao-no-abastecimento-da-compesa-a-partir-desta-quinta-11\/#breadcrumb\"},\"inLanguage\":\"pt-BR\",\"potentialAction\":[{\"@type\":\"ReadAction\",\"target\":[\"https:\/\/tvnova.tv.br\/jornalfatonovo\/bairros-do-recife-serao-afetados-por-suspensao-no-abastecimento-da-compesa-a-partir-desta-quinta-11\/\"]}]},{\"@type\":\"ImageObject\",\"inLanguage\":\"pt-BR\",\"@id\":\"https:\/\/tvnova.tv.br\/jornalfatonovo\/bairros-do-recife-serao-afetados-por-suspensao-no-abastecimento-da-compesa-a-partir-desta-quinta-11\/#primaryimage\",\"url\":\"https:\/\/tvnova.tv.br\/jornalfatonovo\/wp-content\/uploads\/2023\/05\/torneira.jpeg\",\"contentUrl\":\"https:\/\/tvnova.tv.br\/jornalfatonovo\/wp-content\/uploads\/2023\/05\/torneira.jpeg\",\"width\":283,\"height\":178},{\"@type\":\"BreadcrumbList\",\"@id\":\"https:\/\/tvnova.tv.br\/jornalfatonovo\/bairros-do-recife-serao-afetados-por-suspensao-no-abastecimento-da-compesa-a-partir-desta-quinta-11\/#breadcrumb\",\"itemListElement\":[{\"@type\":\"ListItem\",\"position\":1,\"name\":\"In\u00edcio\",\"item\":\"https:\/\/tvnova.tv.br\/jornalfatonovo\/\"},{\"@type\":\"ListItem\",\"position\":2,\"name\":\"Bairros do Recife ser\u00e3o afetados por suspens\u00e3o no abastecimento da Compesa a partir desta quinta (11)\"}]},{\"@type\":\"WebSite\",\"@id\":\"https:\/\/tvnova.tv.br\/jornalfatonovo\/#website\",\"url\":\"https:\/\/tvnova.tv.br\/jornalfatonovo\/\",\"name\":\"Jornal Fato Novo\",\"description\":\"Acompanhe as not\u00edcias de Pernambuco\",\"publisher\":{\"@id\":\"https:\/\/tvnova.tv.br\/jornalfatonovo\/#organization\"},\"potentialAction\":[{\"@type\":\"SearchAction\",\"target\":{\"@type\":\"EntryPoint\",\"urlTemplate\":\"https:\/\/tvnova.tv.br\/jornalfatonovo\/?s={search_term_string}\"},\"query-input\":{\"@type\":\"PropertyValueSpecification\",\"valueRequired\":true,\"valueName\":\"search_term_string\"}}],\"inLanguage\":\"pt-BR\"},{\"@type\":\"Organization\",\"@id\":\"https:\/\/tvnova.tv.br\/jornalfatonovo\/#organization\",\"name\":\"Jornal Fato Novo\",\"url\":\"https:\/\/tvnova.tv.br\/jornalfatonovo\/\",\"logo\":{\"@type\":\"ImageObject\",\"inLanguage\":\"pt-BR\",\"@id\":\"https:\/\/tvnova.tv.br\/jornalfatonovo\/#\/schema\/logo\/image\/\",\"url\":\"https:\/\/tvnova.tv.br\/jornalfatonovo1\/wp-content\/uploads\/2023\/04\/FATO-NOVO-1.png\",\"contentUrl\":\"https:\/\/tvnova.tv.br\/jornalfatonovo1\/wp-content\/uploads\/2023\/04\/FATO-NOVO-1.png\",\"width\":200,\"height\":60,\"caption\":\"Jornal Fato Novo\"},\"image\":{\"@id\":\"https:\/\/tvnova.tv.br\/jornalfatonovo\/#\/schema\/logo\/image\/\"},\"sameAs\":[\"https:\/\/www.facebook.com\/tvnovanordeste\/\",\"https:\/\/x.com\/tvnovanordeste\",\"https:\/\/www.instagram.com\/jornalfatonovope\/\"]},{\"@type\":\"Person\",\"@id\":\"https:\/\/tvnova.tv.br\/jornalfatonovo\/#\/schema\/person\/c861a58e2ce361fc3f17006d718686aa\",\"name\":\"gabriel\",\"url\":\"https:\/\/tvnova.tv.br\/jornalfatonovo\/author\/gabriel\/\"}]}<\/script>\n<!-- \/ Yoast SEO plugin. -->","yoast_head_json":{"title":"Bairros do Recife ser\u00e3o afetados por suspens\u00e3o no abastecimento da Compesa a partir desta quinta (11) - Jornal Fato Novo","robots":{"index":"index","follow":"follow","max-snippet":"max-snippet:-1","max-image-preview":"max-image-preview:large","max-video-preview":"max-video-preview:-1"},"canonical":"https:\/\/tvnova.tv.br\/jornalfatonovo\/bairros-do-recife-serao-afetados-por-suspensao-no-abastecimento-da-compesa-a-partir-desta-quinta-11\/","og_locale":"pt_BR","og_type":"article","og_title":"Bairros do Recife ser\u00e3o afetados por suspens\u00e3o no abastecimento da Compesa a partir desta quinta (11) - Jornal Fato Novo","og_description":"A Compesa (Companhia Pernambucana de Saneamento) anunciou, nesta quarta (10), que bairros do Recife v\u00e3o enfrentar falta de \u00e1gua ou queda de press\u00e3o nas torneiras a partir desta quinta-feira (11). Isso acontecer\u00e1 durante a execu\u00e7\u00e3o de servi\u00e7os de manuten\u00e7\u00e3o emergencial na Esta\u00e7\u00e3o Elevat\u00f3ria do Sistema Duas Unas (bombeamento), que integra o Complexo Tapacur\u00e1. A paralisa\u00e7\u00e3o [&hellip;]","og_url":"https:\/\/tvnova.tv.br\/jornalfatonovo\/bairros-do-recife-serao-afetados-por-suspensao-no-abastecimento-da-compesa-a-partir-desta-quinta-11\/","og_site_name":"Jornal Fato Novo","article_publisher":"https:\/\/www.facebook.com\/tvnovanordeste\/","article_published_time":"2023-05-10T20:06:30+00:00","article_modified_time":"2023-05-10T20:13:05+00:00","og_image":[{"width":283,"height":178,"url":"https:\/\/tvnova.tv.br\/jornalfatonovo\/wp-content\/uploads\/2023\/05\/torneira.jpeg","type":"image\/jpeg"}],"author":"gabriel","twitter_card":"summary_large_image","twitter_creator":"@tvnovanordeste","twitter_site":"@tvnovanordeste","twitter_misc":{"Escrito por":"gabriel","Est. tempo de leitura":"1 minuto"},"schema":{"@context":"https:\/\/schema.org","@graph":[{"@type":"Article","@id":"https:\/\/tvnova.tv.br\/jornalfatonovo\/bairros-do-recife-serao-afetados-por-suspensao-no-abastecimento-da-compesa-a-partir-desta-quinta-11\/#article","isPartOf":{"@id":"https:\/\/tvnova.tv.br\/jornalfatonovo\/bairros-do-recife-serao-afetados-por-suspensao-no-abastecimento-da-compesa-a-partir-desta-quinta-11\/"},"author":{"name":"gabriel","@id":"https:\/\/tvnova.tv.br\/jornalfatonovo\/#\/schema\/person\/c861a58e2ce361fc3f17006d718686aa"},"headline":"Bairros do Recife ser\u00e3o afetados por suspens\u00e3o no abastecimento da Compesa a partir desta quinta (11)","datePublished":"2023-05-10T20:06:30+00:00","dateModified":"2023-05-10T20:13:05+00:00","mainEntityOfPage":{"@id":"https:\/\/tvnova.tv.br\/jornalfatonovo\/bairros-do-recife-serao-afetados-por-suspensao-no-abastecimento-da-compesa-a-partir-desta-quinta-11\/"},"wordCount":297,"publisher":{"@id":"https:\/\/tvnova.tv.br\/jornalfatonovo\/#organization"},"image":{"@id":"https:\/\/tvnova.tv.br\/jornalfatonovo\/bairros-do-recife-serao-afetados-por-suspensao-no-abastecimento-da-compesa-a-partir-desta-quinta-11\/#primaryimage"},"thumbnailUrl":"https:\/\/tvnova.tv.br\/jornalfatonovo\/wp-content\/uploads\/2023\/05\/torneira.jpeg","keywords":["Compesa","Falta d'agua","Grande Recife","Recife","Regi\u00e3o Metropolitana"],"articleSection":["Cidades"],"inLanguage":"pt-BR"},{"@type":"WebPage","@id":"https:\/\/tvnova.tv.br\/jornalfatonovo\/bairros-do-recife-serao-afetados-por-suspensao-no-abastecimento-da-compesa-a-partir-desta-quinta-11\/","url":"https:\/\/tvnova.tv.br\/jornalfatonovo\/bairros-do-recife-serao-afetados-por-suspensao-no-abastecimento-da-compesa-a-partir-desta-quinta-11\/","name":"Bairros do Recife ser\u00e3o afetados por suspens\u00e3o no abastecimento da Compesa a partir desta quinta (11) - Jornal Fato Novo","isPartOf":{"@id":"https:\/\/tvnova.tv.br\/jornalfatonovo\/#website"},"primaryImageOfPage":{"@id":"https:\/\/tvnova.tv.br\/jornalfatonovo\/bairros-do-recife-serao-afetados-por-suspensao-no-abastecimento-da-compesa-a-partir-desta-quinta-11\/#primaryimage"},"image":{"@id":"https:\/\/tvnova.tv.br\/jornalfatonovo\/bairros-do-recife-serao-afetados-por-suspensao-no-abastecimento-da-compesa-a-partir-desta-quinta-11\/#primaryimage"},"thumbnailUrl":"https:\/\/tvnova.tv.br\/jornalfatonovo\/wp-content\/uploads\/2023\/05\/torneira.jpeg","datePublished":"2023-05-10T20:06:30+00:00","dateModified":"2023-05-10T20:13:05+00:00","breadcrumb":{"@id":"https:\/\/tvnova.tv.br\/jornalfatonovo\/bairros-do-recife-serao-afetados-por-suspensao-no-abastecimento-da-compesa-a-partir-desta-quinta-11\/#breadcrumb"},"inLanguage":"pt-BR","potentialAction":[{"@type":"ReadAction","target":["https:\/\/tvnova.tv.br\/jornalfatonovo\/bairros-do-recife-serao-afetados-por-suspensao-no-abastecimento-da-compesa-a-partir-desta-quinta-11\/"]}]},{"@type":"ImageObject","inLanguage":"pt-BR","@id":"https:\/\/tvnova.tv.br\/jornalfatonovo\/bairros-do-recife-serao-afetados-por-suspensao-no-abastecimento-da-compesa-a-partir-desta-quinta-11\/#primaryimage","url":"https:\/\/tvnova.tv.br\/jornalfatonovo\/wp-content\/uploads\/2023\/05\/torneira.jpeg","contentUrl":"https:\/\/tvnova.tv.br\/jornalfatonovo\/wp-content\/uploads\/2023\/05\/torneira.jpeg","width":283,"height":178},{"@type":"BreadcrumbList","@id":"https:\/\/tvnova.tv.br\/jornalfatonovo\/bairros-do-recife-serao-afetados-por-suspensao-no-abastecimento-da-compesa-a-partir-desta-quinta-11\/#breadcrumb","itemListElement":[{"@type":"ListItem","position":1,"name":"In\u00edcio","item":"https:\/\/tvnova.tv.br\/jornalfatonovo\/"},{"@type":"ListItem","position":2,"name":"Bairros do Recife ser\u00e3o afetados por suspens\u00e3o no abastecimento da Compesa a partir desta quinta (11)"}]},{"@type":"WebSite","@id":"https:\/\/tvnova.tv.br\/jornalfatonovo\/#website","url":"https:\/\/tvnova.tv.br\/jornalfatonovo\/","name":"Jornal Fato Novo","description":"Acompanhe as not\u00edcias de Pernambuco","publisher":{"@id":"https:\/\/tvnova.tv.br\/jornalfatonovo\/#organization"},"potentialAction":[{"@type":"SearchAction","target":{"@type":"EntryPoint","urlTemplate":"https:\/\/tvnova.tv.br\/jornalfatonovo\/?s={search_term_string}"},"query-input":{"@type":"PropertyValueSpecification","valueRequired":true,"valueName":"search_term_string"}}],"inLanguage":"pt-BR"},{"@type":"Organization","@id":"https:\/\/tvnova.tv.br\/jornalfatonovo\/#organization","name":"Jornal Fato Novo","url":"https:\/\/tvnova.tv.br\/jornalfatonovo\/","logo":{"@type":"ImageObject","inLanguage":"pt-BR","@id":"https:\/\/tvnova.tv.br\/jornalfatonovo\/#\/schema\/logo\/image\/","url":"https:\/\/tvnova.tv.br\/jornalfatonovo1\/wp-content\/uploads\/2023\/04\/FATO-NOVO-1.png","contentUrl":"https:\/\/tvnova.tv.br\/jornalfatonovo1\/wp-content\/uploads\/2023\/04\/FATO-NOVO-1.png","width":200,"height":60,"caption":"Jornal Fato Novo"},"image":{"@id":"https:\/\/tvnova.tv.br\/jornalfatonovo\/#\/schema\/logo\/image\/"},"sameAs":["https:\/\/www.facebook.com\/tvnovanordeste\/","https:\/\/x.com\/tvnovanordeste","https:\/\/www.instagram.com\/jornalfatonovope\/"]},{"@type":"Person","@id":"https:\/\/tvnova.tv.br\/jornalfatonovo\/#\/schema\/person\/c861a58e2ce361fc3f17006d718686aa","name":"gabriel","url":"https:\/\/tvnova.tv.br\/jornalfatonovo\/author\/gabriel\/"}]}},"_links":{"self":[{"href":"https:\/\/tvnova.tv.br\/jornalfatonovo\/wp-json\/wp\/v2\/posts\/5707","targetHints":{"allow":["GET"]}}],"collection":[{"href":"https:\/\/tvnova.tv.br\/jornalfatonovo\/wp-json\/wp\/v2\/posts"}],"about":[{"href":"https:\/\/tvnova.tv.br\/jornalfatonovo\/wp-json\/wp\/v2\/types\/post"}],"author":[{"embeddable":true,"href":"https:\/\/tvnova.tv.br\/jornalfatonovo\/wp-json\/wp\/v2\/users\/5"}],"replies":[{"embeddable":true,"href":"https:\/\/tvnova.tv.br\/jornalfatonovo\/wp-json\/wp\/v2\/comments?post=5707"}],"version-history":[{"count":0,"href":"https:\/\/tvnova.tv.br\/jornalfatonovo\/wp-json\/wp\/v2\/posts\/5707\/revisions"}],"wp:featuredmedia":[{"embeddable":true,"href":"https:\/\/tvnova.tv.br\/jornalfatonovo\/wp-json\/wp\/v2\/media\/5711"}],"wp:attachment":[{"href":"https:\/\/tvnova.tv.br\/jornalfatonovo\/wp-json\/wp\/v2\/media?parent=5707"}],"wp:term":[{"taxonomy":"category","embeddable":true,"href":"https:\/\/tvnova.tv.br\/jornalfatonovo\/wp-json\/wp\/v2\/categories?post=5707"},{"taxonomy":"post_tag","embeddable":true,"href":"https:\/\/tvnova.tv.br\/jornalfatonovo\/wp-json\/wp\/v2\/tags?post=5707"},{"taxonomy":"cores-categorias","embeddable":true,"href":"https:\/\/tvnova.tv.br\/jornalfatonovo\/wp-json\/wp\/v2\/cores-categorias?post=5707"}],"curies":[{"name":"wp","href":"https:\/\/api.w.org\/{rel}","templated":true}]}}