{"id":5712,"date":"2023-05-10T17:14:10","date_gmt":"2023-05-10T20:14:10","guid":{"rendered":"https:\/\/tvnova.tv.br\/jornalfatonovo\/?p=5712"},"modified":"2023-05-10T17:16:16","modified_gmt":"2023-05-10T20:16:16","slug":"homem-internado-em-uti-apos-comer-peixe-tem-diagnostico-confirmado-para-doenca-da-urina-preta","status":"publish","type":"post","link":"https:\/\/tvnova.tv.br\/jornalfatonovo\/homem-internado-em-uti-apos-comer-peixe-tem-diagnostico-confirmado-para-doenca-da-urina-preta\/","title":{"rendered":"Homem internado em UTI ap\u00f3s comer peixe tem diagn\u00f3stico confirmado para &#8216;doen\u00e7a da urina preta&#8217;"},"content":{"rendered":"<p>Um homem de 58 anos que est\u00e1 internado na Unidade de Terapia Intensiva (UTI) do Hospital dos Servidores do Estado, no Recife, desde o fim de abril teve o diagn\u00f3stico confirmado de S\u00edndrome de Haff, conhecida popularmente como &#8220;doen\u00e7a da urina preta&#8221;.<\/p>\n<p>O paciente foi socorrido com sintomas da enfermidade ap\u00f3s comer um peixe da esp\u00e9cie budi\u00e3o frito em \u00f3leo.<\/p>\n<p>Ele, que mora no bairro da Madalena, Zona Oeste da capital pernambucana, consumiu o peixe em 23 de abril, junto com tr\u00eas vizinhos.<\/p>\n<p>&#8220;Somente com a finaliza\u00e7\u00e3o de todas as etapas da investiga\u00e7\u00e3o epidemiol\u00f3gica, poder\u00e1 haver uma defini\u00e7\u00e3o por parte das autoridades sanit\u00e1rias envolvidas&#8221;, disse a Secretaria de Sa\u00fade do Recife, em nota.<\/p>\n<p>Um dia ap\u00f3s ingerir o alimento, o paciente, que tem hist\u00f3rico de hipertens\u00e3o e outros fatores de risco, apresentou rigidez muscular, incha\u00e7o e dorm\u00eancia nas pernas, urina escurecida, eleva\u00e7\u00e3o de CPK (contra\u00e7\u00e3o r\u00e1pida dos m\u00fasculos) e hiperemia de tonsilas (aumento de vermelhid\u00e3o).<\/p>\n<p>O paciente foi internado no Hospital dos Servidores no dia 24 e transferido para a UTI da unidade no dia seguinte, 25 de abril.<\/p>\n<p>De acordo com o hospital, ele &#8220;continua internado na UTI, ainda realizando hemodi\u00e1lise e recebendo suporte com ventila\u00e7\u00e3o mec\u00e2nica&#8221;.<\/p>\n<p>&#8220;O estado de sa\u00fade \u00e9 grave, mas se mant\u00e9m est\u00e1vel&#8221;, diz a unidade de sa\u00fade.<\/p>\n","protected":false},"excerpt":{"rendered":"<p>Um homem de 58 anos que est\u00e1 internado na Unidade de Terapia Intensiva (UTI) do Hospital dos Servidores do Estado, no Recife, desde o fim de abril teve o diagn\u00f3stico confirmado de S\u00edndrome de Haff, conhecida popularmente como &#8220;doen\u00e7a da urina preta&#8221;. O paciente foi socorrido com sintomas da enfermidade ap\u00f3s comer um peixe da [&hellip;]<\/p>\n","protected":false},"author":5,"featured_media":5714,"comment_status":"closed","ping_status":"","sticky":false,"template":"","format":"standard","meta":{"footnotes":""},"categories":[1],"tags":[566,565,567],"cores-categorias":[],"class_list":["post-5712","post","type-post","status-publish","format-standard","has-post-thumbnail","hentry","category-cidades","tag-doenca-da-urina-preta","tag-peixe","tag-sindrome-de-haff"],"yoast_head":"<!-- This site is optimized with the Yoast SEO plugin v27.2 - https:\/\/yoast.com\/product\/yoast-seo-wordpress\/ -->\n<title>Homem internado em UTI ap\u00f3s comer peixe tem diagn\u00f3stico confirmado para &#039;doen\u00e7a da urina preta&#039; - Jornal Fato Novo<\/title>\n<meta name=\"robots\" content=\"index, follow, max-snippet:-1, max-image-preview:large, max-video-preview:-1\" \/>\n<link rel=\"canonical\" href=\"https:\/\/tvnova.tv.br\/jornalfatonovo\/homem-internado-em-uti-apos-comer-peixe-tem-diagnostico-confirmado-para-doenca-da-urina-preta\/\" \/>\n<meta property=\"og:locale\" content=\"pt_BR\" \/>\n<meta property=\"og:type\" content=\"article\" \/>\n<meta property=\"og:title\" content=\"Homem internado em UTI ap\u00f3s comer peixe tem diagn\u00f3stico confirmado para &#039;doen\u00e7a da urina preta&#039; - Jornal Fato Novo\" \/>\n<meta property=\"og:description\" content=\"Um homem de 58 anos que est\u00e1 internado na Unidade de Terapia Intensiva (UTI) do Hospital dos Servidores do Estado, no Recife, desde o fim de abril teve o diagn\u00f3stico confirmado de S\u00edndrome de Haff, conhecida popularmente como &#8220;doen\u00e7a da urina preta&#8221;. O paciente foi socorrido com sintomas da enfermidade ap\u00f3s comer um peixe da [&hellip;]\" \/>\n<meta property=\"og:url\" content=\"https:\/\/tvnova.tv.br\/jornalfatonovo\/homem-internado-em-uti-apos-comer-peixe-tem-diagnostico-confirmado-para-doenca-da-urina-preta\/\" \/>\n<meta property=\"og:site_name\" content=\"Jornal Fato Novo\" \/>\n<meta property=\"article:publisher\" content=\"https:\/\/www.facebook.com\/tvnovanordeste\/\" \/>\n<meta property=\"article:published_time\" content=\"2023-05-10T20:14:10+00:00\" \/>\n<meta property=\"article:modified_time\" content=\"2023-05-10T20:16:16+00:00\" \/>\n<meta property=\"og:image\" content=\"https:\/\/tvnova.tv.br\/jornalfatonovo\/wp-content\/uploads\/2023\/05\/peixe.jpeg\" \/>\n\t<meta property=\"og:image:width\" content=\"1100\" \/>\n\t<meta property=\"og:image:height\" content=\"729\" \/>\n\t<meta property=\"og:image:type\" content=\"image\/jpeg\" \/>\n<meta name=\"author\" content=\"gabriel\" \/>\n<meta name=\"twitter:card\" content=\"summary_large_image\" \/>\n<meta name=\"twitter:creator\" content=\"@tvnovanordeste\" \/>\n<meta name=\"twitter:site\" content=\"@tvnovanordeste\" \/>\n<meta name=\"twitter:label1\" content=\"Escrito por\" \/>\n\t<meta name=\"twitter:data1\" content=\"gabriel\" \/>\n\t<meta name=\"twitter:label2\" content=\"Est. tempo de leitura\" \/>\n\t<meta name=\"twitter:data2\" content=\"1 minuto\" \/>\n<script type=\"application\/ld+json\" class=\"yoast-schema-graph\">{\"@context\":\"https:\/\/schema.org\",\"@graph\":[{\"@type\":\"Article\",\"@id\":\"https:\/\/tvnova.tv.br\/jornalfatonovo\/homem-internado-em-uti-apos-comer-peixe-tem-diagnostico-confirmado-para-doenca-da-urina-preta\/#article\",\"isPartOf\":{\"@id\":\"https:\/\/tvnova.tv.br\/jornalfatonovo\/homem-internado-em-uti-apos-comer-peixe-tem-diagnostico-confirmado-para-doenca-da-urina-preta\/\"},\"author\":{\"name\":\"gabriel\",\"@id\":\"https:\/\/tvnova.tv.br\/jornalfatonovo\/#\/schema\/person\/c861a58e2ce361fc3f17006d718686aa\"},\"headline\":\"Homem internado em UTI ap\u00f3s comer peixe tem diagn\u00f3stico confirmado para &#8216;doen\u00e7a da urina preta&#8217;\",\"datePublished\":\"2023-05-10T20:14:10+00:00\",\"dateModified\":\"2023-05-10T20:16:16+00:00\",\"mainEntityOfPage\":{\"@id\":\"https:\/\/tvnova.tv.br\/jornalfatonovo\/homem-internado-em-uti-apos-comer-peixe-tem-diagnostico-confirmado-para-doenca-da-urina-preta\/\"},\"wordCount\":256,\"publisher\":{\"@id\":\"https:\/\/tvnova.tv.br\/jornalfatonovo\/#organization\"},\"image\":{\"@id\":\"https:\/\/tvnova.tv.br\/jornalfatonovo\/homem-internado-em-uti-apos-comer-peixe-tem-diagnostico-confirmado-para-doenca-da-urina-preta\/#primaryimage\"},\"thumbnailUrl\":\"https:\/\/tvnova.tv.br\/jornalfatonovo\/wp-content\/uploads\/2023\/05\/peixe.jpeg\",\"keywords\":[\"Doen\u00e7a da Urina Preta\",\"Peixe\",\"Sindrome de Haff\"],\"articleSection\":[\"Cidades\"],\"inLanguage\":\"pt-BR\"},{\"@type\":\"WebPage\",\"@id\":\"https:\/\/tvnova.tv.br\/jornalfatonovo\/homem-internado-em-uti-apos-comer-peixe-tem-diagnostico-confirmado-para-doenca-da-urina-preta\/\",\"url\":\"https:\/\/tvnova.tv.br\/jornalfatonovo\/homem-internado-em-uti-apos-comer-peixe-tem-diagnostico-confirmado-para-doenca-da-urina-preta\/\",\"name\":\"Homem internado em UTI ap\u00f3s comer peixe tem diagn\u00f3stico confirmado para 'doen\u00e7a da urina preta' - Jornal Fato Novo\",\"isPartOf\":{\"@id\":\"https:\/\/tvnova.tv.br\/jornalfatonovo\/#website\"},\"primaryImageOfPage\":{\"@id\":\"https:\/\/tvnova.tv.br\/jornalfatonovo\/homem-internado-em-uti-apos-comer-peixe-tem-diagnostico-confirmado-para-doenca-da-urina-preta\/#primaryimage\"},\"image\":{\"@id\":\"https:\/\/tvnova.tv.br\/jornalfatonovo\/homem-internado-em-uti-apos-comer-peixe-tem-diagnostico-confirmado-para-doenca-da-urina-preta\/#primaryimage\"},\"thumbnailUrl\":\"https:\/\/tvnova.tv.br\/jornalfatonovo\/wp-content\/uploads\/2023\/05\/peixe.jpeg\",\"datePublished\":\"2023-05-10T20:14:10+00:00\",\"dateModified\":\"2023-05-10T20:16:16+00:00\",\"breadcrumb\":{\"@id\":\"https:\/\/tvnova.tv.br\/jornalfatonovo\/homem-internado-em-uti-apos-comer-peixe-tem-diagnostico-confirmado-para-doenca-da-urina-preta\/#breadcrumb\"},\"inLanguage\":\"pt-BR\",\"potentialAction\":[{\"@type\":\"ReadAction\",\"target\":[\"https:\/\/tvnova.tv.br\/jornalfatonovo\/homem-internado-em-uti-apos-comer-peixe-tem-diagnostico-confirmado-para-doenca-da-urina-preta\/\"]}]},{\"@type\":\"ImageObject\",\"inLanguage\":\"pt-BR\",\"@id\":\"https:\/\/tvnova.tv.br\/jornalfatonovo\/homem-internado-em-uti-apos-comer-peixe-tem-diagnostico-confirmado-para-doenca-da-urina-preta\/#primaryimage\",\"url\":\"https:\/\/tvnova.tv.br\/jornalfatonovo\/wp-content\/uploads\/2023\/05\/peixe.jpeg\",\"contentUrl\":\"https:\/\/tvnova.tv.br\/jornalfatonovo\/wp-content\/uploads\/2023\/05\/peixe.jpeg\",\"width\":1100,\"height\":729},{\"@type\":\"BreadcrumbList\",\"@id\":\"https:\/\/tvnova.tv.br\/jornalfatonovo\/homem-internado-em-uti-apos-comer-peixe-tem-diagnostico-confirmado-para-doenca-da-urina-preta\/#breadcrumb\",\"itemListElement\":[{\"@type\":\"ListItem\",\"position\":1,\"name\":\"In\u00edcio\",\"item\":\"https:\/\/tvnova.tv.br\/jornalfatonovo\/\"},{\"@type\":\"ListItem\",\"position\":2,\"name\":\"Homem internado em UTI ap\u00f3s comer peixe tem diagn\u00f3stico confirmado para &#8216;doen\u00e7a da urina preta&#8217;\"}]},{\"@type\":\"WebSite\",\"@id\":\"https:\/\/tvnova.tv.br\/jornalfatonovo\/#website\",\"url\":\"https:\/\/tvnova.tv.br\/jornalfatonovo\/\",\"name\":\"Jornal Fato Novo\",\"description\":\"Acompanhe as not\u00edcias de Pernambuco\",\"publisher\":{\"@id\":\"https:\/\/tvnova.tv.br\/jornalfatonovo\/#organization\"},\"potentialAction\":[{\"@type\":\"SearchAction\",\"target\":{\"@type\":\"EntryPoint\",\"urlTemplate\":\"https:\/\/tvnova.tv.br\/jornalfatonovo\/?s={search_term_string}\"},\"query-input\":{\"@type\":\"PropertyValueSpecification\",\"valueRequired\":true,\"valueName\":\"search_term_string\"}}],\"inLanguage\":\"pt-BR\"},{\"@type\":\"Organization\",\"@id\":\"https:\/\/tvnova.tv.br\/jornalfatonovo\/#organization\",\"name\":\"Jornal Fato Novo\",\"url\":\"https:\/\/tvnova.tv.br\/jornalfatonovo\/\",\"logo\":{\"@type\":\"ImageObject\",\"inLanguage\":\"pt-BR\",\"@id\":\"https:\/\/tvnova.tv.br\/jornalfatonovo\/#\/schema\/logo\/image\/\",\"url\":\"https:\/\/tvnova.tv.br\/jornalfatonovo1\/wp-content\/uploads\/2023\/04\/FATO-NOVO-1.png\",\"contentUrl\":\"https:\/\/tvnova.tv.br\/jornalfatonovo1\/wp-content\/uploads\/2023\/04\/FATO-NOVO-1.png\",\"width\":200,\"height\":60,\"caption\":\"Jornal Fato Novo\"},\"image\":{\"@id\":\"https:\/\/tvnova.tv.br\/jornalfatonovo\/#\/schema\/logo\/image\/\"},\"sameAs\":[\"https:\/\/www.facebook.com\/tvnovanordeste\/\",\"https:\/\/x.com\/tvnovanordeste\",\"https:\/\/www.instagram.com\/jornalfatonovope\/\"]},{\"@type\":\"Person\",\"@id\":\"https:\/\/tvnova.tv.br\/jornalfatonovo\/#\/schema\/person\/c861a58e2ce361fc3f17006d718686aa\",\"name\":\"gabriel\",\"url\":\"https:\/\/tvnova.tv.br\/jornalfatonovo\/author\/gabriel\/\"}]}<\/script>\n<!-- \/ Yoast SEO plugin. -->","yoast_head_json":{"title":"Homem internado em UTI ap\u00f3s comer peixe tem diagn\u00f3stico confirmado para 'doen\u00e7a da urina preta' - Jornal Fato Novo","robots":{"index":"index","follow":"follow","max-snippet":"max-snippet:-1","max-image-preview":"max-image-preview:large","max-video-preview":"max-video-preview:-1"},"canonical":"https:\/\/tvnova.tv.br\/jornalfatonovo\/homem-internado-em-uti-apos-comer-peixe-tem-diagnostico-confirmado-para-doenca-da-urina-preta\/","og_locale":"pt_BR","og_type":"article","og_title":"Homem internado em UTI ap\u00f3s comer peixe tem diagn\u00f3stico confirmado para 'doen\u00e7a da urina preta' - Jornal Fato Novo","og_description":"Um homem de 58 anos que est\u00e1 internado na Unidade de Terapia Intensiva (UTI) do Hospital dos Servidores do Estado, no Recife, desde o fim de abril teve o diagn\u00f3stico confirmado de S\u00edndrome de Haff, conhecida popularmente como &#8220;doen\u00e7a da urina preta&#8221;. O paciente foi socorrido com sintomas da enfermidade ap\u00f3s comer um peixe da [&hellip;]","og_url":"https:\/\/tvnova.tv.br\/jornalfatonovo\/homem-internado-em-uti-apos-comer-peixe-tem-diagnostico-confirmado-para-doenca-da-urina-preta\/","og_site_name":"Jornal Fato Novo","article_publisher":"https:\/\/www.facebook.com\/tvnovanordeste\/","article_published_time":"2023-05-10T20:14:10+00:00","article_modified_time":"2023-05-10T20:16:16+00:00","og_image":[{"width":1100,"height":729,"url":"https:\/\/tvnova.tv.br\/jornalfatonovo\/wp-content\/uploads\/2023\/05\/peixe.jpeg","type":"image\/jpeg"}],"author":"gabriel","twitter_card":"summary_large_image","twitter_creator":"@tvnovanordeste","twitter_site":"@tvnovanordeste","twitter_misc":{"Escrito por":"gabriel","Est. tempo de leitura":"1 minuto"},"schema":{"@context":"https:\/\/schema.org","@graph":[{"@type":"Article","@id":"https:\/\/tvnova.tv.br\/jornalfatonovo\/homem-internado-em-uti-apos-comer-peixe-tem-diagnostico-confirmado-para-doenca-da-urina-preta\/#article","isPartOf":{"@id":"https:\/\/tvnova.tv.br\/jornalfatonovo\/homem-internado-em-uti-apos-comer-peixe-tem-diagnostico-confirmado-para-doenca-da-urina-preta\/"},"author":{"name":"gabriel","@id":"https:\/\/tvnova.tv.br\/jornalfatonovo\/#\/schema\/person\/c861a58e2ce361fc3f17006d718686aa"},"headline":"Homem internado em UTI ap\u00f3s comer peixe tem diagn\u00f3stico confirmado para &#8216;doen\u00e7a da urina preta&#8217;","datePublished":"2023-05-10T20:14:10+00:00","dateModified":"2023-05-10T20:16:16+00:00","mainEntityOfPage":{"@id":"https:\/\/tvnova.tv.br\/jornalfatonovo\/homem-internado-em-uti-apos-comer-peixe-tem-diagnostico-confirmado-para-doenca-da-urina-preta\/"},"wordCount":256,"publisher":{"@id":"https:\/\/tvnova.tv.br\/jornalfatonovo\/#organization"},"image":{"@id":"https:\/\/tvnova.tv.br\/jornalfatonovo\/homem-internado-em-uti-apos-comer-peixe-tem-diagnostico-confirmado-para-doenca-da-urina-preta\/#primaryimage"},"thumbnailUrl":"https:\/\/tvnova.tv.br\/jornalfatonovo\/wp-content\/uploads\/2023\/05\/peixe.jpeg","keywords":["Doen\u00e7a da Urina Preta","Peixe","Sindrome de Haff"],"articleSection":["Cidades"],"inLanguage":"pt-BR"},{"@type":"WebPage","@id":"https:\/\/tvnova.tv.br\/jornalfatonovo\/homem-internado-em-uti-apos-comer-peixe-tem-diagnostico-confirmado-para-doenca-da-urina-preta\/","url":"https:\/\/tvnova.tv.br\/jornalfatonovo\/homem-internado-em-uti-apos-comer-peixe-tem-diagnostico-confirmado-para-doenca-da-urina-preta\/","name":"Homem internado em UTI ap\u00f3s comer peixe tem diagn\u00f3stico confirmado para 'doen\u00e7a da urina preta' - Jornal Fato Novo","isPartOf":{"@id":"https:\/\/tvnova.tv.br\/jornalfatonovo\/#website"},"primaryImageOfPage":{"@id":"https:\/\/tvnova.tv.br\/jornalfatonovo\/homem-internado-em-uti-apos-comer-peixe-tem-diagnostico-confirmado-para-doenca-da-urina-preta\/#primaryimage"},"image":{"@id":"https:\/\/tvnova.tv.br\/jornalfatonovo\/homem-internado-em-uti-apos-comer-peixe-tem-diagnostico-confirmado-para-doenca-da-urina-preta\/#primaryimage"},"thumbnailUrl":"https:\/\/tvnova.tv.br\/jornalfatonovo\/wp-content\/uploads\/2023\/05\/peixe.jpeg","datePublished":"2023-05-10T20:14:10+00:00","dateModified":"2023-05-10T20:16:16+00:00","breadcrumb":{"@id":"https:\/\/tvnova.tv.br\/jornalfatonovo\/homem-internado-em-uti-apos-comer-peixe-tem-diagnostico-confirmado-para-doenca-da-urina-preta\/#breadcrumb"},"inLanguage":"pt-BR","potentialAction":[{"@type":"ReadAction","target":["https:\/\/tvnova.tv.br\/jornalfatonovo\/homem-internado-em-uti-apos-comer-peixe-tem-diagnostico-confirmado-para-doenca-da-urina-preta\/"]}]},{"@type":"ImageObject","inLanguage":"pt-BR","@id":"https:\/\/tvnova.tv.br\/jornalfatonovo\/homem-internado-em-uti-apos-comer-peixe-tem-diagnostico-confirmado-para-doenca-da-urina-preta\/#primaryimage","url":"https:\/\/tvnova.tv.br\/jornalfatonovo\/wp-content\/uploads\/2023\/05\/peixe.jpeg","contentUrl":"https:\/\/tvnova.tv.br\/jornalfatonovo\/wp-content\/uploads\/2023\/05\/peixe.jpeg","width":1100,"height":729},{"@type":"BreadcrumbList","@id":"https:\/\/tvnova.tv.br\/jornalfatonovo\/homem-internado-em-uti-apos-comer-peixe-tem-diagnostico-confirmado-para-doenca-da-urina-preta\/#breadcrumb","itemListElement":[{"@type":"ListItem","position":1,"name":"In\u00edcio","item":"https:\/\/tvnova.tv.br\/jornalfatonovo\/"},{"@type":"ListItem","position":2,"name":"Homem internado em UTI ap\u00f3s comer peixe tem diagn\u00f3stico confirmado para &#8216;doen\u00e7a da urina preta&#8217;"}]},{"@type":"WebSite","@id":"https:\/\/tvnova.tv.br\/jornalfatonovo\/#website","url":"https:\/\/tvnova.tv.br\/jornalfatonovo\/","name":"Jornal Fato Novo","description":"Acompanhe as not\u00edcias de Pernambuco","publisher":{"@id":"https:\/\/tvnova.tv.br\/jornalfatonovo\/#organization"},"potentialAction":[{"@type":"SearchAction","target":{"@type":"EntryPoint","urlTemplate":"https:\/\/tvnova.tv.br\/jornalfatonovo\/?s={search_term_string}"},"query-input":{"@type":"PropertyValueSpecification","valueRequired":true,"valueName":"search_term_string"}}],"inLanguage":"pt-BR"},{"@type":"Organization","@id":"https:\/\/tvnova.tv.br\/jornalfatonovo\/#organization","name":"Jornal Fato Novo","url":"https:\/\/tvnova.tv.br\/jornalfatonovo\/","logo":{"@type":"ImageObject","inLanguage":"pt-BR","@id":"https:\/\/tvnova.tv.br\/jornalfatonovo\/#\/schema\/logo\/image\/","url":"https:\/\/tvnova.tv.br\/jornalfatonovo1\/wp-content\/uploads\/2023\/04\/FATO-NOVO-1.png","contentUrl":"https:\/\/tvnova.tv.br\/jornalfatonovo1\/wp-content\/uploads\/2023\/04\/FATO-NOVO-1.png","width":200,"height":60,"caption":"Jornal Fato Novo"},"image":{"@id":"https:\/\/tvnova.tv.br\/jornalfatonovo\/#\/schema\/logo\/image\/"},"sameAs":["https:\/\/www.facebook.com\/tvnovanordeste\/","https:\/\/x.com\/tvnovanordeste","https:\/\/www.instagram.com\/jornalfatonovope\/"]},{"@type":"Person","@id":"https:\/\/tvnova.tv.br\/jornalfatonovo\/#\/schema\/person\/c861a58e2ce361fc3f17006d718686aa","name":"gabriel","url":"https:\/\/tvnova.tv.br\/jornalfatonovo\/author\/gabriel\/"}]}},"_links":{"self":[{"href":"https:\/\/tvnova.tv.br\/jornalfatonovo\/wp-json\/wp\/v2\/posts\/5712","targetHints":{"allow":["GET"]}}],"collection":[{"href":"https:\/\/tvnova.tv.br\/jornalfatonovo\/wp-json\/wp\/v2\/posts"}],"about":[{"href":"https:\/\/tvnova.tv.br\/jornalfatonovo\/wp-json\/wp\/v2\/types\/post"}],"author":[{"embeddable":true,"href":"https:\/\/tvnova.tv.br\/jornalfatonovo\/wp-json\/wp\/v2\/users\/5"}],"replies":[{"embeddable":true,"href":"https:\/\/tvnova.tv.br\/jornalfatonovo\/wp-json\/wp\/v2\/comments?post=5712"}],"version-history":[{"count":0,"href":"https:\/\/tvnova.tv.br\/jornalfatonovo\/wp-json\/wp\/v2\/posts\/5712\/revisions"}],"wp:featuredmedia":[{"embeddable":true,"href":"https:\/\/tvnova.tv.br\/jornalfatonovo\/wp-json\/wp\/v2\/media\/5714"}],"wp:attachment":[{"href":"https:\/\/tvnova.tv.br\/jornalfatonovo\/wp-json\/wp\/v2\/media?parent=5712"}],"wp:term":[{"taxonomy":"category","embeddable":true,"href":"https:\/\/tvnova.tv.br\/jornalfatonovo\/wp-json\/wp\/v2\/categories?post=5712"},{"taxonomy":"post_tag","embeddable":true,"href":"https:\/\/tvnova.tv.br\/jornalfatonovo\/wp-json\/wp\/v2\/tags?post=5712"},{"taxonomy":"cores-categorias","embeddable":true,"href":"https:\/\/tvnova.tv.br\/jornalfatonovo\/wp-json\/wp\/v2\/cores-categorias?post=5712"}],"curies":[{"name":"wp","href":"https:\/\/api.w.org\/{rel}","templated":true}]}}