{"id":5715,"date":"2023-05-10T17:25:19","date_gmt":"2023-05-10T20:25:19","guid":{"rendered":"https:\/\/tvnova.tv.br\/jornalfatonovo\/?p=5715"},"modified":"2023-05-10T17:28:48","modified_gmt":"2023-05-10T20:28:48","slug":"policia-civil-indicia-16-pessoas-responsaveis-por-camarotes-irregulares-no-carnaval-do-recife","status":"publish","type":"post","link":"https:\/\/tvnova.tv.br\/jornalfatonovo\/policia-civil-indicia-16-pessoas-responsaveis-por-camarotes-irregulares-no-carnaval-do-recife\/","title":{"rendered":"Pol\u00edcia Civil indicia 16 pessoas respons\u00e1veis por camarotes irregulares no Carnaval do Recife"},"content":{"rendered":"<p>A Pol\u00edcia Civil indiciou 16 pessoas respons\u00e1veis pelas administra\u00e7\u00f5es de camarotes irregulares no Galo da Madrugada e no Recife Antigo durante o Carnaval de 2023. O an\u00fancio foi feito pela Secretaria de Defesa Social de Pernambuco nesta quarta-feira (10).<\/p>\n<p>A pol\u00edcia disse que concluiu, na segunda-feira (08), seis inqu\u00e9ritos que investigavam viola\u00e7\u00f5es de interdi\u00e7\u00f5es impostas pelo Corpo de Bombeiros a camarotes no bloco Galo da Madrugada e a um que funcionou no Marco Zero do Recife Antigo, no Carnaval deste ano.<\/p>\n<p>Os camarotes foram interditados por n\u00e3o apresentarem os atestados de regularidade do evento tempor\u00e1rio e da edifica\u00e7\u00e3o onde o evento ocorreria, segundo a pol\u00edcia.<\/p>\n<p>\u201cEsse tipo de estrutura se enquadra no Risco Alto, com exig\u00eancia obrigat\u00f3ria do Projeto de Seguran\u00e7a Contra Inc\u00eandio e P\u00e2nico\u201d, frisa a pol\u00edcia.<\/p>\n<p>Os camarotes irregulares foram comercializados no Galo da Madrugada de 2023.<\/p>\n<p>Agora, o processo segue para o Minist\u00e9rio P\u00fablico, que avaliar\u00e1 se far\u00e1 uma den\u00fancia. Caso aconte\u00e7a e a Justi\u00e7a decida por condena\u00e7\u00e3o, os suspeitos podem receber penas de at\u00e9 2 anos e seis meses de deten\u00e7\u00e3o, e multa.<\/p>\n<p>O caso \u00e9 investigado pela delegacia do Consumidor da Pol\u00edcia Civil. Os nomes dos indiciados n\u00e3o foram divulgados pela institui\u00e7\u00e3o.<\/p>\n","protected":false},"excerpt":{"rendered":"<p>A Pol\u00edcia Civil indiciou 16 pessoas respons\u00e1veis pelas administra\u00e7\u00f5es de camarotes irregulares no Galo da Madrugada e no Recife Antigo durante o Carnaval de 2023. O an\u00fancio foi feito pela Secretaria de Defesa Social de Pernambuco nesta quarta-feira (10). A pol\u00edcia disse que concluiu, na segunda-feira (08), seis inqu\u00e9ritos que investigavam viola\u00e7\u00f5es de interdi\u00e7\u00f5es impostas [&hellip;]<\/p>\n","protected":false},"author":5,"featured_media":5717,"comment_status":"closed","ping_status":"","sticky":false,"template":"","format":"standard","meta":{"footnotes":""},"categories":[1],"tags":[568,570,569,427,309],"cores-categorias":[],"class_list":["post-5715","post","type-post","status-publish","format-standard","has-post-thumbnail","hentry","category-cidades","tag-camarote","tag-carnaval-2023","tag-irregular","tag-policia-civil","tag-recife"],"yoast_head":"<!-- This site is optimized with the Yoast SEO plugin v27.2 - https:\/\/yoast.com\/product\/yoast-seo-wordpress\/ -->\n<title>Pol\u00edcia Civil indicia 16 pessoas respons\u00e1veis por camarotes irregulares no Carnaval do Recife - Jornal Fato Novo<\/title>\n<meta name=\"robots\" content=\"index, follow, max-snippet:-1, max-image-preview:large, max-video-preview:-1\" \/>\n<link rel=\"canonical\" href=\"https:\/\/tvnova.tv.br\/jornalfatonovo\/policia-civil-indicia-16-pessoas-responsaveis-por-camarotes-irregulares-no-carnaval-do-recife\/\" \/>\n<meta property=\"og:locale\" content=\"pt_BR\" \/>\n<meta property=\"og:type\" content=\"article\" \/>\n<meta property=\"og:title\" content=\"Pol\u00edcia Civil indicia 16 pessoas respons\u00e1veis por camarotes irregulares no Carnaval do Recife - Jornal Fato Novo\" \/>\n<meta property=\"og:description\" content=\"A Pol\u00edcia Civil indiciou 16 pessoas respons\u00e1veis pelas administra\u00e7\u00f5es de camarotes irregulares no Galo da Madrugada e no Recife Antigo durante o Carnaval de 2023. O an\u00fancio foi feito pela Secretaria de Defesa Social de Pernambuco nesta quarta-feira (10). A pol\u00edcia disse que concluiu, na segunda-feira (08), seis inqu\u00e9ritos que investigavam viola\u00e7\u00f5es de interdi\u00e7\u00f5es impostas [&hellip;]\" \/>\n<meta property=\"og:url\" content=\"https:\/\/tvnova.tv.br\/jornalfatonovo\/policia-civil-indicia-16-pessoas-responsaveis-por-camarotes-irregulares-no-carnaval-do-recife\/\" \/>\n<meta property=\"og:site_name\" content=\"Jornal Fato Novo\" \/>\n<meta property=\"article:publisher\" content=\"https:\/\/www.facebook.com\/tvnovanordeste\/\" \/>\n<meta property=\"article:published_time\" content=\"2023-05-10T20:25:19+00:00\" \/>\n<meta property=\"article:modified_time\" content=\"2023-05-10T20:28:48+00:00\" \/>\n<meta property=\"og:image\" content=\"https:\/\/tvnova.tv.br\/jornalfatonovo\/wp-content\/uploads\/2023\/05\/IMG_4684-1.jpg\" \/>\n\t<meta property=\"og:image:width\" content=\"852\" \/>\n\t<meta property=\"og:image:height\" content=\"568\" \/>\n\t<meta property=\"og:image:type\" content=\"image\/jpeg\" \/>\n<meta name=\"author\" content=\"gabriel\" \/>\n<meta name=\"twitter:card\" content=\"summary_large_image\" \/>\n<meta name=\"twitter:creator\" content=\"@tvnovanordeste\" \/>\n<meta name=\"twitter:site\" content=\"@tvnovanordeste\" \/>\n<meta name=\"twitter:label1\" content=\"Escrito por\" \/>\n\t<meta name=\"twitter:data1\" content=\"gabriel\" \/>\n\t<meta name=\"twitter:label2\" content=\"Est. tempo de leitura\" \/>\n\t<meta name=\"twitter:data2\" content=\"1 minuto\" \/>\n<script type=\"application\/ld+json\" class=\"yoast-schema-graph\">{\"@context\":\"https:\/\/schema.org\",\"@graph\":[{\"@type\":\"Article\",\"@id\":\"https:\/\/tvnova.tv.br\/jornalfatonovo\/policia-civil-indicia-16-pessoas-responsaveis-por-camarotes-irregulares-no-carnaval-do-recife\/#article\",\"isPartOf\":{\"@id\":\"https:\/\/tvnova.tv.br\/jornalfatonovo\/policia-civil-indicia-16-pessoas-responsaveis-por-camarotes-irregulares-no-carnaval-do-recife\/\"},\"author\":{\"name\":\"gabriel\",\"@id\":\"https:\/\/tvnova.tv.br\/jornalfatonovo\/#\/schema\/person\/c861a58e2ce361fc3f17006d718686aa\"},\"headline\":\"Pol\u00edcia Civil indicia 16 pessoas respons\u00e1veis por camarotes irregulares no Carnaval do Recife\",\"datePublished\":\"2023-05-10T20:25:19+00:00\",\"dateModified\":\"2023-05-10T20:28:48+00:00\",\"mainEntityOfPage\":{\"@id\":\"https:\/\/tvnova.tv.br\/jornalfatonovo\/policia-civil-indicia-16-pessoas-responsaveis-por-camarotes-irregulares-no-carnaval-do-recife\/\"},\"wordCount\":232,\"publisher\":{\"@id\":\"https:\/\/tvnova.tv.br\/jornalfatonovo\/#organization\"},\"image\":{\"@id\":\"https:\/\/tvnova.tv.br\/jornalfatonovo\/policia-civil-indicia-16-pessoas-responsaveis-por-camarotes-irregulares-no-carnaval-do-recife\/#primaryimage\"},\"thumbnailUrl\":\"https:\/\/tvnova.tv.br\/jornalfatonovo\/wp-content\/uploads\/2023\/05\/IMG_4684-1.jpg\",\"keywords\":[\"Camarote\",\"Carnaval 2023\",\"Irregular\",\"Policia Civil\",\"Recife\"],\"articleSection\":[\"Cidades\"],\"inLanguage\":\"pt-BR\"},{\"@type\":\"WebPage\",\"@id\":\"https:\/\/tvnova.tv.br\/jornalfatonovo\/policia-civil-indicia-16-pessoas-responsaveis-por-camarotes-irregulares-no-carnaval-do-recife\/\",\"url\":\"https:\/\/tvnova.tv.br\/jornalfatonovo\/policia-civil-indicia-16-pessoas-responsaveis-por-camarotes-irregulares-no-carnaval-do-recife\/\",\"name\":\"Pol\u00edcia Civil indicia 16 pessoas respons\u00e1veis por camarotes irregulares no Carnaval do Recife - Jornal Fato Novo\",\"isPartOf\":{\"@id\":\"https:\/\/tvnova.tv.br\/jornalfatonovo\/#website\"},\"primaryImageOfPage\":{\"@id\":\"https:\/\/tvnova.tv.br\/jornalfatonovo\/policia-civil-indicia-16-pessoas-responsaveis-por-camarotes-irregulares-no-carnaval-do-recife\/#primaryimage\"},\"image\":{\"@id\":\"https:\/\/tvnova.tv.br\/jornalfatonovo\/policia-civil-indicia-16-pessoas-responsaveis-por-camarotes-irregulares-no-carnaval-do-recife\/#primaryimage\"},\"thumbnailUrl\":\"https:\/\/tvnova.tv.br\/jornalfatonovo\/wp-content\/uploads\/2023\/05\/IMG_4684-1.jpg\",\"datePublished\":\"2023-05-10T20:25:19+00:00\",\"dateModified\":\"2023-05-10T20:28:48+00:00\",\"breadcrumb\":{\"@id\":\"https:\/\/tvnova.tv.br\/jornalfatonovo\/policia-civil-indicia-16-pessoas-responsaveis-por-camarotes-irregulares-no-carnaval-do-recife\/#breadcrumb\"},\"inLanguage\":\"pt-BR\",\"potentialAction\":[{\"@type\":\"ReadAction\",\"target\":[\"https:\/\/tvnova.tv.br\/jornalfatonovo\/policia-civil-indicia-16-pessoas-responsaveis-por-camarotes-irregulares-no-carnaval-do-recife\/\"]}]},{\"@type\":\"ImageObject\",\"inLanguage\":\"pt-BR\",\"@id\":\"https:\/\/tvnova.tv.br\/jornalfatonovo\/policia-civil-indicia-16-pessoas-responsaveis-por-camarotes-irregulares-no-carnaval-do-recife\/#primaryimage\",\"url\":\"https:\/\/tvnova.tv.br\/jornalfatonovo\/wp-content\/uploads\/2023\/05\/IMG_4684-1.jpg\",\"contentUrl\":\"https:\/\/tvnova.tv.br\/jornalfatonovo\/wp-content\/uploads\/2023\/05\/IMG_4684-1.jpg\",\"width\":852,\"height\":568},{\"@type\":\"BreadcrumbList\",\"@id\":\"https:\/\/tvnova.tv.br\/jornalfatonovo\/policia-civil-indicia-16-pessoas-responsaveis-por-camarotes-irregulares-no-carnaval-do-recife\/#breadcrumb\",\"itemListElement\":[{\"@type\":\"ListItem\",\"position\":1,\"name\":\"In\u00edcio\",\"item\":\"https:\/\/tvnova.tv.br\/jornalfatonovo\/\"},{\"@type\":\"ListItem\",\"position\":2,\"name\":\"Pol\u00edcia Civil indicia 16 pessoas respons\u00e1veis por camarotes irregulares no Carnaval do Recife\"}]},{\"@type\":\"WebSite\",\"@id\":\"https:\/\/tvnova.tv.br\/jornalfatonovo\/#website\",\"url\":\"https:\/\/tvnova.tv.br\/jornalfatonovo\/\",\"name\":\"Jornal Fato Novo\",\"description\":\"Acompanhe as not\u00edcias de Pernambuco\",\"publisher\":{\"@id\":\"https:\/\/tvnova.tv.br\/jornalfatonovo\/#organization\"},\"potentialAction\":[{\"@type\":\"SearchAction\",\"target\":{\"@type\":\"EntryPoint\",\"urlTemplate\":\"https:\/\/tvnova.tv.br\/jornalfatonovo\/?s={search_term_string}\"},\"query-input\":{\"@type\":\"PropertyValueSpecification\",\"valueRequired\":true,\"valueName\":\"search_term_string\"}}],\"inLanguage\":\"pt-BR\"},{\"@type\":\"Organization\",\"@id\":\"https:\/\/tvnova.tv.br\/jornalfatonovo\/#organization\",\"name\":\"Jornal Fato Novo\",\"url\":\"https:\/\/tvnova.tv.br\/jornalfatonovo\/\",\"logo\":{\"@type\":\"ImageObject\",\"inLanguage\":\"pt-BR\",\"@id\":\"https:\/\/tvnova.tv.br\/jornalfatonovo\/#\/schema\/logo\/image\/\",\"url\":\"https:\/\/tvnova.tv.br\/jornalfatonovo1\/wp-content\/uploads\/2023\/04\/FATO-NOVO-1.png\",\"contentUrl\":\"https:\/\/tvnova.tv.br\/jornalfatonovo1\/wp-content\/uploads\/2023\/04\/FATO-NOVO-1.png\",\"width\":200,\"height\":60,\"caption\":\"Jornal Fato Novo\"},\"image\":{\"@id\":\"https:\/\/tvnova.tv.br\/jornalfatonovo\/#\/schema\/logo\/image\/\"},\"sameAs\":[\"https:\/\/www.facebook.com\/tvnovanordeste\/\",\"https:\/\/x.com\/tvnovanordeste\",\"https:\/\/www.instagram.com\/jornalfatonovope\/\"]},{\"@type\":\"Person\",\"@id\":\"https:\/\/tvnova.tv.br\/jornalfatonovo\/#\/schema\/person\/c861a58e2ce361fc3f17006d718686aa\",\"name\":\"gabriel\",\"url\":\"https:\/\/tvnova.tv.br\/jornalfatonovo\/author\/gabriel\/\"}]}<\/script>\n<!-- \/ Yoast SEO plugin. -->","yoast_head_json":{"title":"Pol\u00edcia Civil indicia 16 pessoas respons\u00e1veis por camarotes irregulares no Carnaval do Recife - Jornal Fato Novo","robots":{"index":"index","follow":"follow","max-snippet":"max-snippet:-1","max-image-preview":"max-image-preview:large","max-video-preview":"max-video-preview:-1"},"canonical":"https:\/\/tvnova.tv.br\/jornalfatonovo\/policia-civil-indicia-16-pessoas-responsaveis-por-camarotes-irregulares-no-carnaval-do-recife\/","og_locale":"pt_BR","og_type":"article","og_title":"Pol\u00edcia Civil indicia 16 pessoas respons\u00e1veis por camarotes irregulares no Carnaval do Recife - Jornal Fato Novo","og_description":"A Pol\u00edcia Civil indiciou 16 pessoas respons\u00e1veis pelas administra\u00e7\u00f5es de camarotes irregulares no Galo da Madrugada e no Recife Antigo durante o Carnaval de 2023. O an\u00fancio foi feito pela Secretaria de Defesa Social de Pernambuco nesta quarta-feira (10). A pol\u00edcia disse que concluiu, na segunda-feira (08), seis inqu\u00e9ritos que investigavam viola\u00e7\u00f5es de interdi\u00e7\u00f5es impostas [&hellip;]","og_url":"https:\/\/tvnova.tv.br\/jornalfatonovo\/policia-civil-indicia-16-pessoas-responsaveis-por-camarotes-irregulares-no-carnaval-do-recife\/","og_site_name":"Jornal Fato Novo","article_publisher":"https:\/\/www.facebook.com\/tvnovanordeste\/","article_published_time":"2023-05-10T20:25:19+00:00","article_modified_time":"2023-05-10T20:28:48+00:00","og_image":[{"width":852,"height":568,"url":"https:\/\/tvnova.tv.br\/jornalfatonovo\/wp-content\/uploads\/2023\/05\/IMG_4684-1.jpg","type":"image\/jpeg"}],"author":"gabriel","twitter_card":"summary_large_image","twitter_creator":"@tvnovanordeste","twitter_site":"@tvnovanordeste","twitter_misc":{"Escrito por":"gabriel","Est. tempo de leitura":"1 minuto"},"schema":{"@context":"https:\/\/schema.org","@graph":[{"@type":"Article","@id":"https:\/\/tvnova.tv.br\/jornalfatonovo\/policia-civil-indicia-16-pessoas-responsaveis-por-camarotes-irregulares-no-carnaval-do-recife\/#article","isPartOf":{"@id":"https:\/\/tvnova.tv.br\/jornalfatonovo\/policia-civil-indicia-16-pessoas-responsaveis-por-camarotes-irregulares-no-carnaval-do-recife\/"},"author":{"name":"gabriel","@id":"https:\/\/tvnova.tv.br\/jornalfatonovo\/#\/schema\/person\/c861a58e2ce361fc3f17006d718686aa"},"headline":"Pol\u00edcia Civil indicia 16 pessoas respons\u00e1veis por camarotes irregulares no Carnaval do Recife","datePublished":"2023-05-10T20:25:19+00:00","dateModified":"2023-05-10T20:28:48+00:00","mainEntityOfPage":{"@id":"https:\/\/tvnova.tv.br\/jornalfatonovo\/policia-civil-indicia-16-pessoas-responsaveis-por-camarotes-irregulares-no-carnaval-do-recife\/"},"wordCount":232,"publisher":{"@id":"https:\/\/tvnova.tv.br\/jornalfatonovo\/#organization"},"image":{"@id":"https:\/\/tvnova.tv.br\/jornalfatonovo\/policia-civil-indicia-16-pessoas-responsaveis-por-camarotes-irregulares-no-carnaval-do-recife\/#primaryimage"},"thumbnailUrl":"https:\/\/tvnova.tv.br\/jornalfatonovo\/wp-content\/uploads\/2023\/05\/IMG_4684-1.jpg","keywords":["Camarote","Carnaval 2023","Irregular","Policia Civil","Recife"],"articleSection":["Cidades"],"inLanguage":"pt-BR"},{"@type":"WebPage","@id":"https:\/\/tvnova.tv.br\/jornalfatonovo\/policia-civil-indicia-16-pessoas-responsaveis-por-camarotes-irregulares-no-carnaval-do-recife\/","url":"https:\/\/tvnova.tv.br\/jornalfatonovo\/policia-civil-indicia-16-pessoas-responsaveis-por-camarotes-irregulares-no-carnaval-do-recife\/","name":"Pol\u00edcia Civil indicia 16 pessoas respons\u00e1veis por camarotes irregulares no Carnaval do Recife - Jornal Fato Novo","isPartOf":{"@id":"https:\/\/tvnova.tv.br\/jornalfatonovo\/#website"},"primaryImageOfPage":{"@id":"https:\/\/tvnova.tv.br\/jornalfatonovo\/policia-civil-indicia-16-pessoas-responsaveis-por-camarotes-irregulares-no-carnaval-do-recife\/#primaryimage"},"image":{"@id":"https:\/\/tvnova.tv.br\/jornalfatonovo\/policia-civil-indicia-16-pessoas-responsaveis-por-camarotes-irregulares-no-carnaval-do-recife\/#primaryimage"},"thumbnailUrl":"https:\/\/tvnova.tv.br\/jornalfatonovo\/wp-content\/uploads\/2023\/05\/IMG_4684-1.jpg","datePublished":"2023-05-10T20:25:19+00:00","dateModified":"2023-05-10T20:28:48+00:00","breadcrumb":{"@id":"https:\/\/tvnova.tv.br\/jornalfatonovo\/policia-civil-indicia-16-pessoas-responsaveis-por-camarotes-irregulares-no-carnaval-do-recife\/#breadcrumb"},"inLanguage":"pt-BR","potentialAction":[{"@type":"ReadAction","target":["https:\/\/tvnova.tv.br\/jornalfatonovo\/policia-civil-indicia-16-pessoas-responsaveis-por-camarotes-irregulares-no-carnaval-do-recife\/"]}]},{"@type":"ImageObject","inLanguage":"pt-BR","@id":"https:\/\/tvnova.tv.br\/jornalfatonovo\/policia-civil-indicia-16-pessoas-responsaveis-por-camarotes-irregulares-no-carnaval-do-recife\/#primaryimage","url":"https:\/\/tvnova.tv.br\/jornalfatonovo\/wp-content\/uploads\/2023\/05\/IMG_4684-1.jpg","contentUrl":"https:\/\/tvnova.tv.br\/jornalfatonovo\/wp-content\/uploads\/2023\/05\/IMG_4684-1.jpg","width":852,"height":568},{"@type":"BreadcrumbList","@id":"https:\/\/tvnova.tv.br\/jornalfatonovo\/policia-civil-indicia-16-pessoas-responsaveis-por-camarotes-irregulares-no-carnaval-do-recife\/#breadcrumb","itemListElement":[{"@type":"ListItem","position":1,"name":"In\u00edcio","item":"https:\/\/tvnova.tv.br\/jornalfatonovo\/"},{"@type":"ListItem","position":2,"name":"Pol\u00edcia Civil indicia 16 pessoas respons\u00e1veis por camarotes irregulares no Carnaval do Recife"}]},{"@type":"WebSite","@id":"https:\/\/tvnova.tv.br\/jornalfatonovo\/#website","url":"https:\/\/tvnova.tv.br\/jornalfatonovo\/","name":"Jornal Fato Novo","description":"Acompanhe as not\u00edcias de Pernambuco","publisher":{"@id":"https:\/\/tvnova.tv.br\/jornalfatonovo\/#organization"},"potentialAction":[{"@type":"SearchAction","target":{"@type":"EntryPoint","urlTemplate":"https:\/\/tvnova.tv.br\/jornalfatonovo\/?s={search_term_string}"},"query-input":{"@type":"PropertyValueSpecification","valueRequired":true,"valueName":"search_term_string"}}],"inLanguage":"pt-BR"},{"@type":"Organization","@id":"https:\/\/tvnova.tv.br\/jornalfatonovo\/#organization","name":"Jornal Fato Novo","url":"https:\/\/tvnova.tv.br\/jornalfatonovo\/","logo":{"@type":"ImageObject","inLanguage":"pt-BR","@id":"https:\/\/tvnova.tv.br\/jornalfatonovo\/#\/schema\/logo\/image\/","url":"https:\/\/tvnova.tv.br\/jornalfatonovo1\/wp-content\/uploads\/2023\/04\/FATO-NOVO-1.png","contentUrl":"https:\/\/tvnova.tv.br\/jornalfatonovo1\/wp-content\/uploads\/2023\/04\/FATO-NOVO-1.png","width":200,"height":60,"caption":"Jornal Fato Novo"},"image":{"@id":"https:\/\/tvnova.tv.br\/jornalfatonovo\/#\/schema\/logo\/image\/"},"sameAs":["https:\/\/www.facebook.com\/tvnovanordeste\/","https:\/\/x.com\/tvnovanordeste","https:\/\/www.instagram.com\/jornalfatonovope\/"]},{"@type":"Person","@id":"https:\/\/tvnova.tv.br\/jornalfatonovo\/#\/schema\/person\/c861a58e2ce361fc3f17006d718686aa","name":"gabriel","url":"https:\/\/tvnova.tv.br\/jornalfatonovo\/author\/gabriel\/"}]}},"_links":{"self":[{"href":"https:\/\/tvnova.tv.br\/jornalfatonovo\/wp-json\/wp\/v2\/posts\/5715","targetHints":{"allow":["GET"]}}],"collection":[{"href":"https:\/\/tvnova.tv.br\/jornalfatonovo\/wp-json\/wp\/v2\/posts"}],"about":[{"href":"https:\/\/tvnova.tv.br\/jornalfatonovo\/wp-json\/wp\/v2\/types\/post"}],"author":[{"embeddable":true,"href":"https:\/\/tvnova.tv.br\/jornalfatonovo\/wp-json\/wp\/v2\/users\/5"}],"replies":[{"embeddable":true,"href":"https:\/\/tvnova.tv.br\/jornalfatonovo\/wp-json\/wp\/v2\/comments?post=5715"}],"version-history":[{"count":0,"href":"https:\/\/tvnova.tv.br\/jornalfatonovo\/wp-json\/wp\/v2\/posts\/5715\/revisions"}],"wp:featuredmedia":[{"embeddable":true,"href":"https:\/\/tvnova.tv.br\/jornalfatonovo\/wp-json\/wp\/v2\/media\/5717"}],"wp:attachment":[{"href":"https:\/\/tvnova.tv.br\/jornalfatonovo\/wp-json\/wp\/v2\/media?parent=5715"}],"wp:term":[{"taxonomy":"category","embeddable":true,"href":"https:\/\/tvnova.tv.br\/jornalfatonovo\/wp-json\/wp\/v2\/categories?post=5715"},{"taxonomy":"post_tag","embeddable":true,"href":"https:\/\/tvnova.tv.br\/jornalfatonovo\/wp-json\/wp\/v2\/tags?post=5715"},{"taxonomy":"cores-categorias","embeddable":true,"href":"https:\/\/tvnova.tv.br\/jornalfatonovo\/wp-json\/wp\/v2\/cores-categorias?post=5715"}],"curies":[{"name":"wp","href":"https:\/\/api.w.org\/{rel}","templated":true}]}}