{"id":5720,"date":"2023-05-10T17:34:07","date_gmt":"2023-05-10T20:34:07","guid":{"rendered":"https:\/\/tvnova.tv.br\/jornalfatonovo\/?p=5720"},"modified":"2023-05-10T17:36:52","modified_gmt":"2023-05-10T20:36:52","slug":"fernando-de-noronha-realiza-acoes-de-saude-para-trabalhadores","status":"publish","type":"post","link":"https:\/\/tvnova.tv.br\/jornalfatonovo\/fernando-de-noronha-realiza-acoes-de-saude-para-trabalhadores\/","title":{"rendered":"Fernando de Noronha realiza a\u00e7\u00f5es de sa\u00fade para trabalhadores"},"content":{"rendered":"<p><span style=\"font-weight: 400\">Em Fernando de Noronha, uma equipe da Unidade de Sa\u00fade da Fam\u00edlia deu in\u00edcio a a\u00e7\u00e3o &#8220;Noronha pela Sa\u00fade do Trabalhador&#8221;. A iniciativa tem como objetivo tra\u00e7ar um diagn\u00f3stico de como anda a sa\u00fade dos funcion\u00e1rios de v\u00e1rias empresas na ilha.<\/span><\/p>\n<p><span style=\"font-weight: 400\">A a\u00e7\u00e3o conta com uma equipe multidisciplinar, composta por enfermeiros, t\u00e9cnicos em enfermagem, nutricionistas e agentes comunit\u00e1rios. Al\u00e9m de atualizar cadastros, est\u00e3o sendo realizadas vacina\u00e7\u00e3o contra a influenza, covid-19, febre amarela, hepatite B, t\u00e9tano e testagem r\u00e1pida de s\u00edfilis e HIV.<\/span><\/p>\n","protected":false},"excerpt":{"rendered":"<p>Em Fernando de Noronha, uma equipe da Unidade de Sa\u00fade da Fam\u00edlia deu in\u00edcio a a\u00e7\u00e3o &#8220;Noronha pela Sa\u00fade do Trabalhador&#8221;. A iniciativa tem como objetivo tra\u00e7ar um diagn\u00f3stico de como anda a sa\u00fade dos funcion\u00e1rios de v\u00e1rias empresas na ilha. A a\u00e7\u00e3o conta com uma equipe multidisciplinar, composta por enfermeiros, t\u00e9cnicos em enfermagem, nutricionistas [&hellip;]<\/p>\n","protected":false},"author":6,"featured_media":5724,"comment_status":"closed","ping_status":"","sticky":false,"template":"","format":"standard","meta":{"footnotes":""},"categories":[1],"tags":[465,320,571],"cores-categorias":[],"class_list":["post-5720","post","type-post","status-publish","format-standard","has-post-thumbnail","hentry","category-cidades","tag-fernando-de-noronha","tag-saude","tag-trabalhador"],"yoast_head":"<!-- This site is optimized with the Yoast SEO plugin v27.2 - https:\/\/yoast.com\/product\/yoast-seo-wordpress\/ -->\n<title>Fernando de Noronha realiza a\u00e7\u00f5es de sa\u00fade para trabalhadores - Jornal Fato Novo<\/title>\n<meta name=\"robots\" content=\"index, follow, max-snippet:-1, max-image-preview:large, max-video-preview:-1\" \/>\n<link rel=\"canonical\" href=\"https:\/\/tvnova.tv.br\/jornalfatonovo\/fernando-de-noronha-realiza-acoes-de-saude-para-trabalhadores\/\" \/>\n<meta property=\"og:locale\" content=\"pt_BR\" \/>\n<meta property=\"og:type\" content=\"article\" \/>\n<meta property=\"og:title\" content=\"Fernando de Noronha realiza a\u00e7\u00f5es de sa\u00fade para trabalhadores - Jornal Fato Novo\" \/>\n<meta property=\"og:description\" content=\"Em Fernando de Noronha, uma equipe da Unidade de Sa\u00fade da Fam\u00edlia deu in\u00edcio a a\u00e7\u00e3o &#8220;Noronha pela Sa\u00fade do Trabalhador&#8221;. A iniciativa tem como objetivo tra\u00e7ar um diagn\u00f3stico de como anda a sa\u00fade dos funcion\u00e1rios de v\u00e1rias empresas na ilha. A a\u00e7\u00e3o conta com uma equipe multidisciplinar, composta por enfermeiros, t\u00e9cnicos em enfermagem, nutricionistas [&hellip;]\" \/>\n<meta property=\"og:url\" content=\"https:\/\/tvnova.tv.br\/jornalfatonovo\/fernando-de-noronha-realiza-acoes-de-saude-para-trabalhadores\/\" \/>\n<meta property=\"og:site_name\" content=\"Jornal Fato Novo\" \/>\n<meta property=\"article:publisher\" content=\"https:\/\/www.facebook.com\/tvnovanordeste\/\" \/>\n<meta property=\"article:published_time\" content=\"2023-05-10T20:34:07+00:00\" \/>\n<meta property=\"article:modified_time\" content=\"2023-05-10T20:36:52+00:00\" \/>\n<meta property=\"og:image\" content=\"https:\/\/tvnova.tv.br\/jornalfatonovo\/wp-content\/uploads\/2023\/05\/SAUDE-TRABALHADOR.png\" \/>\n\t<meta property=\"og:image:width\" content=\"915\" \/>\n\t<meta property=\"og:image:height\" content=\"510\" \/>\n\t<meta property=\"og:image:type\" content=\"image\/png\" \/>\n<meta name=\"author\" content=\"Victoria Campos\" \/>\n<meta name=\"twitter:card\" content=\"summary_large_image\" \/>\n<meta name=\"twitter:creator\" content=\"@tvnovanordeste\" \/>\n<meta name=\"twitter:site\" content=\"@tvnovanordeste\" \/>\n<meta name=\"twitter:label1\" content=\"Escrito por\" \/>\n\t<meta name=\"twitter:data1\" content=\"Victoria Campos\" \/>\n\t<meta name=\"twitter:label2\" content=\"Est. tempo de leitura\" \/>\n\t<meta name=\"twitter:data2\" content=\"1 minuto\" \/>\n<script type=\"application\/ld+json\" class=\"yoast-schema-graph\">{\"@context\":\"https:\/\/schema.org\",\"@graph\":[{\"@type\":\"Article\",\"@id\":\"https:\/\/tvnova.tv.br\/jornalfatonovo\/fernando-de-noronha-realiza-acoes-de-saude-para-trabalhadores\/#article\",\"isPartOf\":{\"@id\":\"https:\/\/tvnova.tv.br\/jornalfatonovo\/fernando-de-noronha-realiza-acoes-de-saude-para-trabalhadores\/\"},\"author\":{\"name\":\"Victoria Campos\",\"@id\":\"https:\/\/tvnova.tv.br\/jornalfatonovo\/#\/schema\/person\/91ba9daadb7e96d3cbe5e1b84619be88\"},\"headline\":\"Fernando de Noronha realiza a\u00e7\u00f5es de sa\u00fade para trabalhadores\",\"datePublished\":\"2023-05-10T20:34:07+00:00\",\"dateModified\":\"2023-05-10T20:36:52+00:00\",\"mainEntityOfPage\":{\"@id\":\"https:\/\/tvnova.tv.br\/jornalfatonovo\/fernando-de-noronha-realiza-acoes-de-saude-para-trabalhadores\/\"},\"wordCount\":112,\"publisher\":{\"@id\":\"https:\/\/tvnova.tv.br\/jornalfatonovo\/#organization\"},\"image\":{\"@id\":\"https:\/\/tvnova.tv.br\/jornalfatonovo\/fernando-de-noronha-realiza-acoes-de-saude-para-trabalhadores\/#primaryimage\"},\"thumbnailUrl\":\"https:\/\/tvnova.tv.br\/jornalfatonovo\/wp-content\/uploads\/2023\/05\/SAUDE-TRABALHADOR.png\",\"keywords\":[\"Fernando de Noronha\",\"Sa\u00fade\",\"Trabalhador\"],\"articleSection\":[\"Cidades\"],\"inLanguage\":\"pt-BR\"},{\"@type\":\"WebPage\",\"@id\":\"https:\/\/tvnova.tv.br\/jornalfatonovo\/fernando-de-noronha-realiza-acoes-de-saude-para-trabalhadores\/\",\"url\":\"https:\/\/tvnova.tv.br\/jornalfatonovo\/fernando-de-noronha-realiza-acoes-de-saude-para-trabalhadores\/\",\"name\":\"Fernando de Noronha realiza a\u00e7\u00f5es de sa\u00fade para trabalhadores - Jornal Fato Novo\",\"isPartOf\":{\"@id\":\"https:\/\/tvnova.tv.br\/jornalfatonovo\/#website\"},\"primaryImageOfPage\":{\"@id\":\"https:\/\/tvnova.tv.br\/jornalfatonovo\/fernando-de-noronha-realiza-acoes-de-saude-para-trabalhadores\/#primaryimage\"},\"image\":{\"@id\":\"https:\/\/tvnova.tv.br\/jornalfatonovo\/fernando-de-noronha-realiza-acoes-de-saude-para-trabalhadores\/#primaryimage\"},\"thumbnailUrl\":\"https:\/\/tvnova.tv.br\/jornalfatonovo\/wp-content\/uploads\/2023\/05\/SAUDE-TRABALHADOR.png\",\"datePublished\":\"2023-05-10T20:34:07+00:00\",\"dateModified\":\"2023-05-10T20:36:52+00:00\",\"breadcrumb\":{\"@id\":\"https:\/\/tvnova.tv.br\/jornalfatonovo\/fernando-de-noronha-realiza-acoes-de-saude-para-trabalhadores\/#breadcrumb\"},\"inLanguage\":\"pt-BR\",\"potentialAction\":[{\"@type\":\"ReadAction\",\"target\":[\"https:\/\/tvnova.tv.br\/jornalfatonovo\/fernando-de-noronha-realiza-acoes-de-saude-para-trabalhadores\/\"]}]},{\"@type\":\"ImageObject\",\"inLanguage\":\"pt-BR\",\"@id\":\"https:\/\/tvnova.tv.br\/jornalfatonovo\/fernando-de-noronha-realiza-acoes-de-saude-para-trabalhadores\/#primaryimage\",\"url\":\"https:\/\/tvnova.tv.br\/jornalfatonovo\/wp-content\/uploads\/2023\/05\/SAUDE-TRABALHADOR.png\",\"contentUrl\":\"https:\/\/tvnova.tv.br\/jornalfatonovo\/wp-content\/uploads\/2023\/05\/SAUDE-TRABALHADOR.png\",\"width\":915,\"height\":510},{\"@type\":\"BreadcrumbList\",\"@id\":\"https:\/\/tvnova.tv.br\/jornalfatonovo\/fernando-de-noronha-realiza-acoes-de-saude-para-trabalhadores\/#breadcrumb\",\"itemListElement\":[{\"@type\":\"ListItem\",\"position\":1,\"name\":\"In\u00edcio\",\"item\":\"https:\/\/tvnova.tv.br\/jornalfatonovo\/\"},{\"@type\":\"ListItem\",\"position\":2,\"name\":\"Fernando de Noronha realiza a\u00e7\u00f5es de sa\u00fade para trabalhadores\"}]},{\"@type\":\"WebSite\",\"@id\":\"https:\/\/tvnova.tv.br\/jornalfatonovo\/#website\",\"url\":\"https:\/\/tvnova.tv.br\/jornalfatonovo\/\",\"name\":\"Jornal Fato Novo\",\"description\":\"Acompanhe as not\u00edcias de Pernambuco\",\"publisher\":{\"@id\":\"https:\/\/tvnova.tv.br\/jornalfatonovo\/#organization\"},\"potentialAction\":[{\"@type\":\"SearchAction\",\"target\":{\"@type\":\"EntryPoint\",\"urlTemplate\":\"https:\/\/tvnova.tv.br\/jornalfatonovo\/?s={search_term_string}\"},\"query-input\":{\"@type\":\"PropertyValueSpecification\",\"valueRequired\":true,\"valueName\":\"search_term_string\"}}],\"inLanguage\":\"pt-BR\"},{\"@type\":\"Organization\",\"@id\":\"https:\/\/tvnova.tv.br\/jornalfatonovo\/#organization\",\"name\":\"Jornal Fato Novo\",\"url\":\"https:\/\/tvnova.tv.br\/jornalfatonovo\/\",\"logo\":{\"@type\":\"ImageObject\",\"inLanguage\":\"pt-BR\",\"@id\":\"https:\/\/tvnova.tv.br\/jornalfatonovo\/#\/schema\/logo\/image\/\",\"url\":\"https:\/\/tvnova.tv.br\/jornalfatonovo1\/wp-content\/uploads\/2023\/04\/FATO-NOVO-1.png\",\"contentUrl\":\"https:\/\/tvnova.tv.br\/jornalfatonovo1\/wp-content\/uploads\/2023\/04\/FATO-NOVO-1.png\",\"width\":200,\"height\":60,\"caption\":\"Jornal Fato Novo\"},\"image\":{\"@id\":\"https:\/\/tvnova.tv.br\/jornalfatonovo\/#\/schema\/logo\/image\/\"},\"sameAs\":[\"https:\/\/www.facebook.com\/tvnovanordeste\/\",\"https:\/\/x.com\/tvnovanordeste\",\"https:\/\/www.instagram.com\/jornalfatonovope\/\"]},{\"@type\":\"Person\",\"@id\":\"https:\/\/tvnova.tv.br\/jornalfatonovo\/#\/schema\/person\/91ba9daadb7e96d3cbe5e1b84619be88\",\"name\":\"Victoria Campos\",\"url\":\"https:\/\/tvnova.tv.br\/jornalfatonovo\/author\/victoria\/\"}]}<\/script>\n<!-- \/ Yoast SEO plugin. -->","yoast_head_json":{"title":"Fernando de Noronha realiza a\u00e7\u00f5es de sa\u00fade para trabalhadores - Jornal Fato Novo","robots":{"index":"index","follow":"follow","max-snippet":"max-snippet:-1","max-image-preview":"max-image-preview:large","max-video-preview":"max-video-preview:-1"},"canonical":"https:\/\/tvnova.tv.br\/jornalfatonovo\/fernando-de-noronha-realiza-acoes-de-saude-para-trabalhadores\/","og_locale":"pt_BR","og_type":"article","og_title":"Fernando de Noronha realiza a\u00e7\u00f5es de sa\u00fade para trabalhadores - Jornal Fato Novo","og_description":"Em Fernando de Noronha, uma equipe da Unidade de Sa\u00fade da Fam\u00edlia deu in\u00edcio a a\u00e7\u00e3o &#8220;Noronha pela Sa\u00fade do Trabalhador&#8221;. A iniciativa tem como objetivo tra\u00e7ar um diagn\u00f3stico de como anda a sa\u00fade dos funcion\u00e1rios de v\u00e1rias empresas na ilha. A a\u00e7\u00e3o conta com uma equipe multidisciplinar, composta por enfermeiros, t\u00e9cnicos em enfermagem, nutricionistas [&hellip;]","og_url":"https:\/\/tvnova.tv.br\/jornalfatonovo\/fernando-de-noronha-realiza-acoes-de-saude-para-trabalhadores\/","og_site_name":"Jornal Fato Novo","article_publisher":"https:\/\/www.facebook.com\/tvnovanordeste\/","article_published_time":"2023-05-10T20:34:07+00:00","article_modified_time":"2023-05-10T20:36:52+00:00","og_image":[{"width":915,"height":510,"url":"https:\/\/tvnova.tv.br\/jornalfatonovo\/wp-content\/uploads\/2023\/05\/SAUDE-TRABALHADOR.png","type":"image\/png"}],"author":"Victoria Campos","twitter_card":"summary_large_image","twitter_creator":"@tvnovanordeste","twitter_site":"@tvnovanordeste","twitter_misc":{"Escrito por":"Victoria Campos","Est. tempo de leitura":"1 minuto"},"schema":{"@context":"https:\/\/schema.org","@graph":[{"@type":"Article","@id":"https:\/\/tvnova.tv.br\/jornalfatonovo\/fernando-de-noronha-realiza-acoes-de-saude-para-trabalhadores\/#article","isPartOf":{"@id":"https:\/\/tvnova.tv.br\/jornalfatonovo\/fernando-de-noronha-realiza-acoes-de-saude-para-trabalhadores\/"},"author":{"name":"Victoria Campos","@id":"https:\/\/tvnova.tv.br\/jornalfatonovo\/#\/schema\/person\/91ba9daadb7e96d3cbe5e1b84619be88"},"headline":"Fernando de Noronha realiza a\u00e7\u00f5es de sa\u00fade para trabalhadores","datePublished":"2023-05-10T20:34:07+00:00","dateModified":"2023-05-10T20:36:52+00:00","mainEntityOfPage":{"@id":"https:\/\/tvnova.tv.br\/jornalfatonovo\/fernando-de-noronha-realiza-acoes-de-saude-para-trabalhadores\/"},"wordCount":112,"publisher":{"@id":"https:\/\/tvnova.tv.br\/jornalfatonovo\/#organization"},"image":{"@id":"https:\/\/tvnova.tv.br\/jornalfatonovo\/fernando-de-noronha-realiza-acoes-de-saude-para-trabalhadores\/#primaryimage"},"thumbnailUrl":"https:\/\/tvnova.tv.br\/jornalfatonovo\/wp-content\/uploads\/2023\/05\/SAUDE-TRABALHADOR.png","keywords":["Fernando de Noronha","Sa\u00fade","Trabalhador"],"articleSection":["Cidades"],"inLanguage":"pt-BR"},{"@type":"WebPage","@id":"https:\/\/tvnova.tv.br\/jornalfatonovo\/fernando-de-noronha-realiza-acoes-de-saude-para-trabalhadores\/","url":"https:\/\/tvnova.tv.br\/jornalfatonovo\/fernando-de-noronha-realiza-acoes-de-saude-para-trabalhadores\/","name":"Fernando de Noronha realiza a\u00e7\u00f5es de sa\u00fade para trabalhadores - Jornal Fato Novo","isPartOf":{"@id":"https:\/\/tvnova.tv.br\/jornalfatonovo\/#website"},"primaryImageOfPage":{"@id":"https:\/\/tvnova.tv.br\/jornalfatonovo\/fernando-de-noronha-realiza-acoes-de-saude-para-trabalhadores\/#primaryimage"},"image":{"@id":"https:\/\/tvnova.tv.br\/jornalfatonovo\/fernando-de-noronha-realiza-acoes-de-saude-para-trabalhadores\/#primaryimage"},"thumbnailUrl":"https:\/\/tvnova.tv.br\/jornalfatonovo\/wp-content\/uploads\/2023\/05\/SAUDE-TRABALHADOR.png","datePublished":"2023-05-10T20:34:07+00:00","dateModified":"2023-05-10T20:36:52+00:00","breadcrumb":{"@id":"https:\/\/tvnova.tv.br\/jornalfatonovo\/fernando-de-noronha-realiza-acoes-de-saude-para-trabalhadores\/#breadcrumb"},"inLanguage":"pt-BR","potentialAction":[{"@type":"ReadAction","target":["https:\/\/tvnova.tv.br\/jornalfatonovo\/fernando-de-noronha-realiza-acoes-de-saude-para-trabalhadores\/"]}]},{"@type":"ImageObject","inLanguage":"pt-BR","@id":"https:\/\/tvnova.tv.br\/jornalfatonovo\/fernando-de-noronha-realiza-acoes-de-saude-para-trabalhadores\/#primaryimage","url":"https:\/\/tvnova.tv.br\/jornalfatonovo\/wp-content\/uploads\/2023\/05\/SAUDE-TRABALHADOR.png","contentUrl":"https:\/\/tvnova.tv.br\/jornalfatonovo\/wp-content\/uploads\/2023\/05\/SAUDE-TRABALHADOR.png","width":915,"height":510},{"@type":"BreadcrumbList","@id":"https:\/\/tvnova.tv.br\/jornalfatonovo\/fernando-de-noronha-realiza-acoes-de-saude-para-trabalhadores\/#breadcrumb","itemListElement":[{"@type":"ListItem","position":1,"name":"In\u00edcio","item":"https:\/\/tvnova.tv.br\/jornalfatonovo\/"},{"@type":"ListItem","position":2,"name":"Fernando de Noronha realiza a\u00e7\u00f5es de sa\u00fade para trabalhadores"}]},{"@type":"WebSite","@id":"https:\/\/tvnova.tv.br\/jornalfatonovo\/#website","url":"https:\/\/tvnova.tv.br\/jornalfatonovo\/","name":"Jornal Fato Novo","description":"Acompanhe as not\u00edcias de Pernambuco","publisher":{"@id":"https:\/\/tvnova.tv.br\/jornalfatonovo\/#organization"},"potentialAction":[{"@type":"SearchAction","target":{"@type":"EntryPoint","urlTemplate":"https:\/\/tvnova.tv.br\/jornalfatonovo\/?s={search_term_string}"},"query-input":{"@type":"PropertyValueSpecification","valueRequired":true,"valueName":"search_term_string"}}],"inLanguage":"pt-BR"},{"@type":"Organization","@id":"https:\/\/tvnova.tv.br\/jornalfatonovo\/#organization","name":"Jornal Fato Novo","url":"https:\/\/tvnova.tv.br\/jornalfatonovo\/","logo":{"@type":"ImageObject","inLanguage":"pt-BR","@id":"https:\/\/tvnova.tv.br\/jornalfatonovo\/#\/schema\/logo\/image\/","url":"https:\/\/tvnova.tv.br\/jornalfatonovo1\/wp-content\/uploads\/2023\/04\/FATO-NOVO-1.png","contentUrl":"https:\/\/tvnova.tv.br\/jornalfatonovo1\/wp-content\/uploads\/2023\/04\/FATO-NOVO-1.png","width":200,"height":60,"caption":"Jornal Fato Novo"},"image":{"@id":"https:\/\/tvnova.tv.br\/jornalfatonovo\/#\/schema\/logo\/image\/"},"sameAs":["https:\/\/www.facebook.com\/tvnovanordeste\/","https:\/\/x.com\/tvnovanordeste","https:\/\/www.instagram.com\/jornalfatonovope\/"]},{"@type":"Person","@id":"https:\/\/tvnova.tv.br\/jornalfatonovo\/#\/schema\/person\/91ba9daadb7e96d3cbe5e1b84619be88","name":"Victoria Campos","url":"https:\/\/tvnova.tv.br\/jornalfatonovo\/author\/victoria\/"}]}},"_links":{"self":[{"href":"https:\/\/tvnova.tv.br\/jornalfatonovo\/wp-json\/wp\/v2\/posts\/5720","targetHints":{"allow":["GET"]}}],"collection":[{"href":"https:\/\/tvnova.tv.br\/jornalfatonovo\/wp-json\/wp\/v2\/posts"}],"about":[{"href":"https:\/\/tvnova.tv.br\/jornalfatonovo\/wp-json\/wp\/v2\/types\/post"}],"author":[{"embeddable":true,"href":"https:\/\/tvnova.tv.br\/jornalfatonovo\/wp-json\/wp\/v2\/users\/6"}],"replies":[{"embeddable":true,"href":"https:\/\/tvnova.tv.br\/jornalfatonovo\/wp-json\/wp\/v2\/comments?post=5720"}],"version-history":[{"count":0,"href":"https:\/\/tvnova.tv.br\/jornalfatonovo\/wp-json\/wp\/v2\/posts\/5720\/revisions"}],"wp:featuredmedia":[{"embeddable":true,"href":"https:\/\/tvnova.tv.br\/jornalfatonovo\/wp-json\/wp\/v2\/media\/5724"}],"wp:attachment":[{"href":"https:\/\/tvnova.tv.br\/jornalfatonovo\/wp-json\/wp\/v2\/media?parent=5720"}],"wp:term":[{"taxonomy":"category","embeddable":true,"href":"https:\/\/tvnova.tv.br\/jornalfatonovo\/wp-json\/wp\/v2\/categories?post=5720"},{"taxonomy":"post_tag","embeddable":true,"href":"https:\/\/tvnova.tv.br\/jornalfatonovo\/wp-json\/wp\/v2\/tags?post=5720"},{"taxonomy":"cores-categorias","embeddable":true,"href":"https:\/\/tvnova.tv.br\/jornalfatonovo\/wp-json\/wp\/v2\/cores-categorias?post=5720"}],"curies":[{"name":"wp","href":"https:\/\/api.w.org\/{rel}","templated":true}]}}