{"id":5727,"date":"2023-05-10T17:38:24","date_gmt":"2023-05-10T20:38:24","guid":{"rendered":"https:\/\/tvnova.tv.br\/jornalfatonovo\/?p=5727"},"modified":"2025-08-28T15:52:04","modified_gmt":"2025-08-28T18:52:04","slug":"canto-mae-coruja-de-noronha-promove-aula-de-artesanato-em-homenagem-ao-dia-das-maes","status":"publish","type":"post","link":"https:\/\/tvnova.tv.br\/jornalfatonovo\/canto-mae-coruja-de-noronha-promove-aula-de-artesanato-em-homenagem-ao-dia-das-maes\/","title":{"rendered":"Canto M\u00e3e Coruja de Noronha promove aula de artesanato em homenagem ao Dia das M\u00e3es"},"content":{"rendered":"<p>O Canto M\u00e3e Coruja de Fernando de Noronha, vai realizar uma a\u00e7\u00e3o de artesanato em homenagem ao Dia das M\u00e3es nesta quinta-feira (10). As aulas, que s\u00e3o gratuitas e come\u00e7am \u00e0s 14h, v\u00e3o acontecer no bairro Floresta Nova.<\/p>\n<p>M\u00e3es, pais e filhos podem participar das aulas, que contar\u00e3o com oficinas de etiquetas, biscuit e decora\u00e7\u00e3o de potes. Al\u00e9m de servirem para presentear as m\u00e3es, o material confeccionado pode ser comercializado para as fam\u00edlias fazerem uma <a href=\"https:\/\/dinheiro360.com.br\/renda-extra\/\">renda extra<\/a>.<\/p>\n","protected":false},"excerpt":{"rendered":"<p>O Canto M\u00e3e Coruja de Fernando de Noronha, vai realizar uma a\u00e7\u00e3o de artesanato em homenagem ao Dia das M\u00e3es nesta quinta-feira (10). As aulas, que s\u00e3o gratuitas e come\u00e7am \u00e0s 14h, v\u00e3o acontecer no bairro Floresta Nova. M\u00e3es, pais e filhos podem participar das aulas, que contar\u00e3o com oficinas de etiquetas, biscuit e decora\u00e7\u00e3o [&hellip;]<\/p>\n","protected":false},"author":6,"featured_media":5729,"comment_status":"closed","ping_status":"closed","sticky":false,"template":"","format":"standard","meta":{"footnotes":""},"categories":[1],"tags":[289,467,465],"cores-categorias":[],"class_list":["post-5727","post","type-post","status-publish","format-standard","has-post-thumbnail","hentry","category-cidades","tag-artesanato","tag-dia-das-maes","tag-fernando-de-noronha"],"yoast_head":"<!-- This site is optimized with the Yoast SEO plugin v27.2 - https:\/\/yoast.com\/product\/yoast-seo-wordpress\/ -->\n<title>Canto M\u00e3e Coruja de Noronha promove aula de artesanato em homenagem ao Dia das M\u00e3es - Jornal Fato Novo<\/title>\n<meta name=\"robots\" content=\"index, follow, max-snippet:-1, max-image-preview:large, max-video-preview:-1\" \/>\n<link rel=\"canonical\" href=\"https:\/\/tvnova.tv.br\/jornalfatonovo\/canto-mae-coruja-de-noronha-promove-aula-de-artesanato-em-homenagem-ao-dia-das-maes\/\" \/>\n<meta property=\"og:locale\" content=\"pt_BR\" \/>\n<meta property=\"og:type\" content=\"article\" \/>\n<meta property=\"og:title\" content=\"Canto M\u00e3e Coruja de Noronha promove aula de artesanato em homenagem ao Dia das M\u00e3es - Jornal Fato Novo\" \/>\n<meta property=\"og:description\" content=\"O Canto M\u00e3e Coruja de Fernando de Noronha, vai realizar uma a\u00e7\u00e3o de artesanato em homenagem ao Dia das M\u00e3es nesta quinta-feira (10). As aulas, que s\u00e3o gratuitas e come\u00e7am \u00e0s 14h, v\u00e3o acontecer no bairro Floresta Nova. M\u00e3es, pais e filhos podem participar das aulas, que contar\u00e3o com oficinas de etiquetas, biscuit e decora\u00e7\u00e3o [&hellip;]\" \/>\n<meta property=\"og:url\" content=\"https:\/\/tvnova.tv.br\/jornalfatonovo\/canto-mae-coruja-de-noronha-promove-aula-de-artesanato-em-homenagem-ao-dia-das-maes\/\" \/>\n<meta property=\"og:site_name\" content=\"Jornal Fato Novo\" \/>\n<meta property=\"article:publisher\" content=\"https:\/\/www.facebook.com\/tvnovanordeste\/\" \/>\n<meta property=\"article:published_time\" content=\"2023-05-10T20:38:24+00:00\" \/>\n<meta property=\"article:modified_time\" content=\"2025-08-28T18:52:04+00:00\" \/>\n<meta property=\"og:image\" content=\"https:\/\/tvnova.tv.br\/jornalfatonovo\/wp-content\/uploads\/2023\/05\/mae-coruja.png\" \/>\n\t<meta property=\"og:image:width\" content=\"905\" \/>\n\t<meta property=\"og:image:height\" content=\"511\" \/>\n\t<meta property=\"og:image:type\" content=\"image\/png\" \/>\n<meta name=\"author\" content=\"Victoria Campos\" \/>\n<meta name=\"twitter:card\" content=\"summary_large_image\" \/>\n<meta name=\"twitter:creator\" content=\"@tvnovanordeste\" \/>\n<meta name=\"twitter:site\" content=\"@tvnovanordeste\" \/>\n<meta name=\"twitter:label1\" content=\"Escrito por\" \/>\n\t<meta name=\"twitter:data1\" content=\"Victoria Campos\" \/>\n\t<meta name=\"twitter:label2\" content=\"Est. tempo de leitura\" \/>\n\t<meta name=\"twitter:data2\" content=\"1 minuto\" \/>\n<script type=\"application\/ld+json\" class=\"yoast-schema-graph\">{\"@context\":\"https:\/\/schema.org\",\"@graph\":[{\"@type\":\"Article\",\"@id\":\"https:\/\/tvnova.tv.br\/jornalfatonovo\/canto-mae-coruja-de-noronha-promove-aula-de-artesanato-em-homenagem-ao-dia-das-maes\/#article\",\"isPartOf\":{\"@id\":\"https:\/\/tvnova.tv.br\/jornalfatonovo\/canto-mae-coruja-de-noronha-promove-aula-de-artesanato-em-homenagem-ao-dia-das-maes\/\"},\"author\":{\"name\":\"Victoria Campos\",\"@id\":\"https:\/\/tvnova.tv.br\/jornalfatonovo\/#\/schema\/person\/91ba9daadb7e96d3cbe5e1b84619be88\"},\"headline\":\"Canto M\u00e3e Coruja de Noronha promove aula de artesanato em homenagem ao Dia das M\u00e3es\",\"datePublished\":\"2023-05-10T20:38:24+00:00\",\"dateModified\":\"2025-08-28T18:52:04+00:00\",\"mainEntityOfPage\":{\"@id\":\"https:\/\/tvnova.tv.br\/jornalfatonovo\/canto-mae-coruja-de-noronha-promove-aula-de-artesanato-em-homenagem-ao-dia-das-maes\/\"},\"wordCount\":105,\"publisher\":{\"@id\":\"https:\/\/tvnova.tv.br\/jornalfatonovo\/#organization\"},\"image\":{\"@id\":\"https:\/\/tvnova.tv.br\/jornalfatonovo\/canto-mae-coruja-de-noronha-promove-aula-de-artesanato-em-homenagem-ao-dia-das-maes\/#primaryimage\"},\"thumbnailUrl\":\"https:\/\/tvnova.tv.br\/jornalfatonovo\/wp-content\/uploads\/2023\/05\/mae-coruja.png\",\"keywords\":[\"artesanato\",\"Dia das m\u00e3es\",\"Fernando de Noronha\"],\"articleSection\":[\"Cidades\"],\"inLanguage\":\"pt-BR\"},{\"@type\":\"WebPage\",\"@id\":\"https:\/\/tvnova.tv.br\/jornalfatonovo\/canto-mae-coruja-de-noronha-promove-aula-de-artesanato-em-homenagem-ao-dia-das-maes\/\",\"url\":\"https:\/\/tvnova.tv.br\/jornalfatonovo\/canto-mae-coruja-de-noronha-promove-aula-de-artesanato-em-homenagem-ao-dia-das-maes\/\",\"name\":\"Canto M\u00e3e Coruja de Noronha promove aula de artesanato em homenagem ao Dia das M\u00e3es - Jornal Fato Novo\",\"isPartOf\":{\"@id\":\"https:\/\/tvnova.tv.br\/jornalfatonovo\/#website\"},\"primaryImageOfPage\":{\"@id\":\"https:\/\/tvnova.tv.br\/jornalfatonovo\/canto-mae-coruja-de-noronha-promove-aula-de-artesanato-em-homenagem-ao-dia-das-maes\/#primaryimage\"},\"image\":{\"@id\":\"https:\/\/tvnova.tv.br\/jornalfatonovo\/canto-mae-coruja-de-noronha-promove-aula-de-artesanato-em-homenagem-ao-dia-das-maes\/#primaryimage\"},\"thumbnailUrl\":\"https:\/\/tvnova.tv.br\/jornalfatonovo\/wp-content\/uploads\/2023\/05\/mae-coruja.png\",\"datePublished\":\"2023-05-10T20:38:24+00:00\",\"dateModified\":\"2025-08-28T18:52:04+00:00\",\"breadcrumb\":{\"@id\":\"https:\/\/tvnova.tv.br\/jornalfatonovo\/canto-mae-coruja-de-noronha-promove-aula-de-artesanato-em-homenagem-ao-dia-das-maes\/#breadcrumb\"},\"inLanguage\":\"pt-BR\",\"potentialAction\":[{\"@type\":\"ReadAction\",\"target\":[\"https:\/\/tvnova.tv.br\/jornalfatonovo\/canto-mae-coruja-de-noronha-promove-aula-de-artesanato-em-homenagem-ao-dia-das-maes\/\"]}]},{\"@type\":\"ImageObject\",\"inLanguage\":\"pt-BR\",\"@id\":\"https:\/\/tvnova.tv.br\/jornalfatonovo\/canto-mae-coruja-de-noronha-promove-aula-de-artesanato-em-homenagem-ao-dia-das-maes\/#primaryimage\",\"url\":\"https:\/\/tvnova.tv.br\/jornalfatonovo\/wp-content\/uploads\/2023\/05\/mae-coruja.png\",\"contentUrl\":\"https:\/\/tvnova.tv.br\/jornalfatonovo\/wp-content\/uploads\/2023\/05\/mae-coruja.png\",\"width\":905,\"height\":511},{\"@type\":\"BreadcrumbList\",\"@id\":\"https:\/\/tvnova.tv.br\/jornalfatonovo\/canto-mae-coruja-de-noronha-promove-aula-de-artesanato-em-homenagem-ao-dia-das-maes\/#breadcrumb\",\"itemListElement\":[{\"@type\":\"ListItem\",\"position\":1,\"name\":\"In\u00edcio\",\"item\":\"https:\/\/tvnova.tv.br\/jornalfatonovo\/\"},{\"@type\":\"ListItem\",\"position\":2,\"name\":\"Canto M\u00e3e Coruja de Noronha promove aula de artesanato em homenagem ao Dia das M\u00e3es\"}]},{\"@type\":\"WebSite\",\"@id\":\"https:\/\/tvnova.tv.br\/jornalfatonovo\/#website\",\"url\":\"https:\/\/tvnova.tv.br\/jornalfatonovo\/\",\"name\":\"Jornal Fato Novo\",\"description\":\"Acompanhe as not\u00edcias de Pernambuco\",\"publisher\":{\"@id\":\"https:\/\/tvnova.tv.br\/jornalfatonovo\/#organization\"},\"potentialAction\":[{\"@type\":\"SearchAction\",\"target\":{\"@type\":\"EntryPoint\",\"urlTemplate\":\"https:\/\/tvnova.tv.br\/jornalfatonovo\/?s={search_term_string}\"},\"query-input\":{\"@type\":\"PropertyValueSpecification\",\"valueRequired\":true,\"valueName\":\"search_term_string\"}}],\"inLanguage\":\"pt-BR\"},{\"@type\":\"Organization\",\"@id\":\"https:\/\/tvnova.tv.br\/jornalfatonovo\/#organization\",\"name\":\"Jornal Fato Novo\",\"url\":\"https:\/\/tvnova.tv.br\/jornalfatonovo\/\",\"logo\":{\"@type\":\"ImageObject\",\"inLanguage\":\"pt-BR\",\"@id\":\"https:\/\/tvnova.tv.br\/jornalfatonovo\/#\/schema\/logo\/image\/\",\"url\":\"https:\/\/tvnova.tv.br\/jornalfatonovo1\/wp-content\/uploads\/2023\/04\/FATO-NOVO-1.png\",\"contentUrl\":\"https:\/\/tvnova.tv.br\/jornalfatonovo1\/wp-content\/uploads\/2023\/04\/FATO-NOVO-1.png\",\"width\":200,\"height\":60,\"caption\":\"Jornal Fato Novo\"},\"image\":{\"@id\":\"https:\/\/tvnova.tv.br\/jornalfatonovo\/#\/schema\/logo\/image\/\"},\"sameAs\":[\"https:\/\/www.facebook.com\/tvnovanordeste\/\",\"https:\/\/x.com\/tvnovanordeste\",\"https:\/\/www.instagram.com\/jornalfatonovope\/\"]},{\"@type\":\"Person\",\"@id\":\"https:\/\/tvnova.tv.br\/jornalfatonovo\/#\/schema\/person\/91ba9daadb7e96d3cbe5e1b84619be88\",\"name\":\"Victoria Campos\",\"url\":\"https:\/\/tvnova.tv.br\/jornalfatonovo\/author\/victoria\/\"}]}<\/script>\n<!-- \/ Yoast SEO plugin. -->","yoast_head_json":{"title":"Canto M\u00e3e Coruja de Noronha promove aula de artesanato em homenagem ao Dia das M\u00e3es - Jornal Fato Novo","robots":{"index":"index","follow":"follow","max-snippet":"max-snippet:-1","max-image-preview":"max-image-preview:large","max-video-preview":"max-video-preview:-1"},"canonical":"https:\/\/tvnova.tv.br\/jornalfatonovo\/canto-mae-coruja-de-noronha-promove-aula-de-artesanato-em-homenagem-ao-dia-das-maes\/","og_locale":"pt_BR","og_type":"article","og_title":"Canto M\u00e3e Coruja de Noronha promove aula de artesanato em homenagem ao Dia das M\u00e3es - Jornal Fato Novo","og_description":"O Canto M\u00e3e Coruja de Fernando de Noronha, vai realizar uma a\u00e7\u00e3o de artesanato em homenagem ao Dia das M\u00e3es nesta quinta-feira (10). As aulas, que s\u00e3o gratuitas e come\u00e7am \u00e0s 14h, v\u00e3o acontecer no bairro Floresta Nova. M\u00e3es, pais e filhos podem participar das aulas, que contar\u00e3o com oficinas de etiquetas, biscuit e decora\u00e7\u00e3o [&hellip;]","og_url":"https:\/\/tvnova.tv.br\/jornalfatonovo\/canto-mae-coruja-de-noronha-promove-aula-de-artesanato-em-homenagem-ao-dia-das-maes\/","og_site_name":"Jornal Fato Novo","article_publisher":"https:\/\/www.facebook.com\/tvnovanordeste\/","article_published_time":"2023-05-10T20:38:24+00:00","article_modified_time":"2025-08-28T18:52:04+00:00","og_image":[{"width":905,"height":511,"url":"https:\/\/tvnova.tv.br\/jornalfatonovo\/wp-content\/uploads\/2023\/05\/mae-coruja.png","type":"image\/png"}],"author":"Victoria Campos","twitter_card":"summary_large_image","twitter_creator":"@tvnovanordeste","twitter_site":"@tvnovanordeste","twitter_misc":{"Escrito por":"Victoria Campos","Est. tempo de leitura":"1 minuto"},"schema":{"@context":"https:\/\/schema.org","@graph":[{"@type":"Article","@id":"https:\/\/tvnova.tv.br\/jornalfatonovo\/canto-mae-coruja-de-noronha-promove-aula-de-artesanato-em-homenagem-ao-dia-das-maes\/#article","isPartOf":{"@id":"https:\/\/tvnova.tv.br\/jornalfatonovo\/canto-mae-coruja-de-noronha-promove-aula-de-artesanato-em-homenagem-ao-dia-das-maes\/"},"author":{"name":"Victoria Campos","@id":"https:\/\/tvnova.tv.br\/jornalfatonovo\/#\/schema\/person\/91ba9daadb7e96d3cbe5e1b84619be88"},"headline":"Canto M\u00e3e Coruja de Noronha promove aula de artesanato em homenagem ao Dia das M\u00e3es","datePublished":"2023-05-10T20:38:24+00:00","dateModified":"2025-08-28T18:52:04+00:00","mainEntityOfPage":{"@id":"https:\/\/tvnova.tv.br\/jornalfatonovo\/canto-mae-coruja-de-noronha-promove-aula-de-artesanato-em-homenagem-ao-dia-das-maes\/"},"wordCount":105,"publisher":{"@id":"https:\/\/tvnova.tv.br\/jornalfatonovo\/#organization"},"image":{"@id":"https:\/\/tvnova.tv.br\/jornalfatonovo\/canto-mae-coruja-de-noronha-promove-aula-de-artesanato-em-homenagem-ao-dia-das-maes\/#primaryimage"},"thumbnailUrl":"https:\/\/tvnova.tv.br\/jornalfatonovo\/wp-content\/uploads\/2023\/05\/mae-coruja.png","keywords":["artesanato","Dia das m\u00e3es","Fernando de Noronha"],"articleSection":["Cidades"],"inLanguage":"pt-BR"},{"@type":"WebPage","@id":"https:\/\/tvnova.tv.br\/jornalfatonovo\/canto-mae-coruja-de-noronha-promove-aula-de-artesanato-em-homenagem-ao-dia-das-maes\/","url":"https:\/\/tvnova.tv.br\/jornalfatonovo\/canto-mae-coruja-de-noronha-promove-aula-de-artesanato-em-homenagem-ao-dia-das-maes\/","name":"Canto M\u00e3e Coruja de Noronha promove aula de artesanato em homenagem ao Dia das M\u00e3es - Jornal Fato Novo","isPartOf":{"@id":"https:\/\/tvnova.tv.br\/jornalfatonovo\/#website"},"primaryImageOfPage":{"@id":"https:\/\/tvnova.tv.br\/jornalfatonovo\/canto-mae-coruja-de-noronha-promove-aula-de-artesanato-em-homenagem-ao-dia-das-maes\/#primaryimage"},"image":{"@id":"https:\/\/tvnova.tv.br\/jornalfatonovo\/canto-mae-coruja-de-noronha-promove-aula-de-artesanato-em-homenagem-ao-dia-das-maes\/#primaryimage"},"thumbnailUrl":"https:\/\/tvnova.tv.br\/jornalfatonovo\/wp-content\/uploads\/2023\/05\/mae-coruja.png","datePublished":"2023-05-10T20:38:24+00:00","dateModified":"2025-08-28T18:52:04+00:00","breadcrumb":{"@id":"https:\/\/tvnova.tv.br\/jornalfatonovo\/canto-mae-coruja-de-noronha-promove-aula-de-artesanato-em-homenagem-ao-dia-das-maes\/#breadcrumb"},"inLanguage":"pt-BR","potentialAction":[{"@type":"ReadAction","target":["https:\/\/tvnova.tv.br\/jornalfatonovo\/canto-mae-coruja-de-noronha-promove-aula-de-artesanato-em-homenagem-ao-dia-das-maes\/"]}]},{"@type":"ImageObject","inLanguage":"pt-BR","@id":"https:\/\/tvnova.tv.br\/jornalfatonovo\/canto-mae-coruja-de-noronha-promove-aula-de-artesanato-em-homenagem-ao-dia-das-maes\/#primaryimage","url":"https:\/\/tvnova.tv.br\/jornalfatonovo\/wp-content\/uploads\/2023\/05\/mae-coruja.png","contentUrl":"https:\/\/tvnova.tv.br\/jornalfatonovo\/wp-content\/uploads\/2023\/05\/mae-coruja.png","width":905,"height":511},{"@type":"BreadcrumbList","@id":"https:\/\/tvnova.tv.br\/jornalfatonovo\/canto-mae-coruja-de-noronha-promove-aula-de-artesanato-em-homenagem-ao-dia-das-maes\/#breadcrumb","itemListElement":[{"@type":"ListItem","position":1,"name":"In\u00edcio","item":"https:\/\/tvnova.tv.br\/jornalfatonovo\/"},{"@type":"ListItem","position":2,"name":"Canto M\u00e3e Coruja de Noronha promove aula de artesanato em homenagem ao Dia das M\u00e3es"}]},{"@type":"WebSite","@id":"https:\/\/tvnova.tv.br\/jornalfatonovo\/#website","url":"https:\/\/tvnova.tv.br\/jornalfatonovo\/","name":"Jornal Fato Novo","description":"Acompanhe as not\u00edcias de Pernambuco","publisher":{"@id":"https:\/\/tvnova.tv.br\/jornalfatonovo\/#organization"},"potentialAction":[{"@type":"SearchAction","target":{"@type":"EntryPoint","urlTemplate":"https:\/\/tvnova.tv.br\/jornalfatonovo\/?s={search_term_string}"},"query-input":{"@type":"PropertyValueSpecification","valueRequired":true,"valueName":"search_term_string"}}],"inLanguage":"pt-BR"},{"@type":"Organization","@id":"https:\/\/tvnova.tv.br\/jornalfatonovo\/#organization","name":"Jornal Fato Novo","url":"https:\/\/tvnova.tv.br\/jornalfatonovo\/","logo":{"@type":"ImageObject","inLanguage":"pt-BR","@id":"https:\/\/tvnova.tv.br\/jornalfatonovo\/#\/schema\/logo\/image\/","url":"https:\/\/tvnova.tv.br\/jornalfatonovo1\/wp-content\/uploads\/2023\/04\/FATO-NOVO-1.png","contentUrl":"https:\/\/tvnova.tv.br\/jornalfatonovo1\/wp-content\/uploads\/2023\/04\/FATO-NOVO-1.png","width":200,"height":60,"caption":"Jornal Fato Novo"},"image":{"@id":"https:\/\/tvnova.tv.br\/jornalfatonovo\/#\/schema\/logo\/image\/"},"sameAs":["https:\/\/www.facebook.com\/tvnovanordeste\/","https:\/\/x.com\/tvnovanordeste","https:\/\/www.instagram.com\/jornalfatonovope\/"]},{"@type":"Person","@id":"https:\/\/tvnova.tv.br\/jornalfatonovo\/#\/schema\/person\/91ba9daadb7e96d3cbe5e1b84619be88","name":"Victoria Campos","url":"https:\/\/tvnova.tv.br\/jornalfatonovo\/author\/victoria\/"}]}},"_links":{"self":[{"href":"https:\/\/tvnova.tv.br\/jornalfatonovo\/wp-json\/wp\/v2\/posts\/5727","targetHints":{"allow":["GET"]}}],"collection":[{"href":"https:\/\/tvnova.tv.br\/jornalfatonovo\/wp-json\/wp\/v2\/posts"}],"about":[{"href":"https:\/\/tvnova.tv.br\/jornalfatonovo\/wp-json\/wp\/v2\/types\/post"}],"author":[{"embeddable":true,"href":"https:\/\/tvnova.tv.br\/jornalfatonovo\/wp-json\/wp\/v2\/users\/6"}],"replies":[{"embeddable":true,"href":"https:\/\/tvnova.tv.br\/jornalfatonovo\/wp-json\/wp\/v2\/comments?post=5727"}],"version-history":[{"count":1,"href":"https:\/\/tvnova.tv.br\/jornalfatonovo\/wp-json\/wp\/v2\/posts\/5727\/revisions"}],"predecessor-version":[{"id":23161,"href":"https:\/\/tvnova.tv.br\/jornalfatonovo\/wp-json\/wp\/v2\/posts\/5727\/revisions\/23161"}],"wp:featuredmedia":[{"embeddable":true,"href":"https:\/\/tvnova.tv.br\/jornalfatonovo\/wp-json\/wp\/v2\/media\/5729"}],"wp:attachment":[{"href":"https:\/\/tvnova.tv.br\/jornalfatonovo\/wp-json\/wp\/v2\/media?parent=5727"}],"wp:term":[{"taxonomy":"category","embeddable":true,"href":"https:\/\/tvnova.tv.br\/jornalfatonovo\/wp-json\/wp\/v2\/categories?post=5727"},{"taxonomy":"post_tag","embeddable":true,"href":"https:\/\/tvnova.tv.br\/jornalfatonovo\/wp-json\/wp\/v2\/tags?post=5727"},{"taxonomy":"cores-categorias","embeddable":true,"href":"https:\/\/tvnova.tv.br\/jornalfatonovo\/wp-json\/wp\/v2\/cores-categorias?post=5727"}],"curies":[{"name":"wp","href":"https:\/\/api.w.org\/{rel}","templated":true}]}}