{"id":6877,"date":"2023-05-30T12:08:54","date_gmt":"2023-05-30T15:08:54","guid":{"rendered":"https:\/\/tvnova.tv.br\/jornalfatonovo\/?p=6877"},"modified":"2023-05-30T12:12:23","modified_gmt":"2023-05-30T15:12:23","slug":"recife-anuncia-20-dias-de-festa-para-celebrar-o-tradicional-ciclo-junino","status":"publish","type":"post","link":"https:\/\/tvnova.tv.br\/jornalfatonovo\/recife-anuncia-20-dias-de-festa-para-celebrar-o-tradicional-ciclo-junino\/","title":{"rendered":"Recife anuncia 20 dias de festa para celebrar o tradicional ciclo junino"},"content":{"rendered":"<p>A programa\u00e7\u00e3o da Prefeitura do Recife vai se espalhar pela cidade, com mais de 800 atra\u00e7\u00f5es, o tradicional concurso de quadrilhas e um \u201cnovo arraial\u201d. Tudo j\u00e1 a partir do dia 11\/6. O S\u00edtio Trindade segue como grande referencial, mas o Recife Antigo entra na festa e o P\u00e1tio de S\u00e3o Pedro tamb\u00e9m integra a agenda, reverenciando o seu santo. A cidade da m\u00fasica s\u00f3 vai deixar sanfoneiros cochilarem depois do dia 30.<\/p>\n<p>&nbsp;<\/p>\n<p>Agora \u00e9 \u201calavant\u00fa, anarri\u00ea\u201d e pode preparar o passeio na ro\u00e7a montada em plena capital! Nesta sexta-feira (26), o prefeito Jo\u00e3o Campos anunciou, ao lado do secret\u00e1rio de Cultura Ricardo Mello e do presidente da Funda\u00e7\u00e3o de Cultura, Marcelo Canuto, o \u201cRecife Junino\u201d, que vai celebrar mais uma vez nossas coloridas e ancestrais tradi\u00e7\u00f5es culturais, com os festejos mais nordestinos do calend\u00e1rio brasileiro. O ciclo homenageia tr\u00eas santos: Santo Ant\u00f4nio, S\u00e3o Jo\u00e3o e S\u00e3o Pedro. Al\u00e9m dos santos, Irah Caldeira e Jorge de Altinho s\u00e3o os artistas homenageados do S\u00e3o Jo\u00e3o do Recife 2023. Ser\u00e3o 20 dias de forr\u00f3, xote, bai\u00e3o, coco, ciranda e muito balanc\u00ea, com tudo que um arraial que se preze tem direito: quadrilha, sanfoneiro, arrasta-p\u00e9 e alegria pra todo lado.<\/p>\n<p>\u201cV\u00e3o ser 20 dias de muita festa e celebra\u00e7\u00e3o com a nossa premissa n\u00famero um: a tradi\u00e7\u00e3o propriamente representada na nossa cidade. A tradi\u00e7\u00e3o tem que estar representada em todos polos, em todas as localidades. A gente precisa mostrar o nosso aut\u00eantico S\u00e3o Jo\u00e3o, S\u00e3o Pedro e Santo Ant\u00f4nio, nosso aut\u00eantico forr\u00f3, que \u00e9 a nossa for\u00e7a\u201d, disse o prefeito durante o an\u00fancio.<\/p>\n<p>Nos palcos juninos, comandar\u00e3o a festan\u00e7a recifense mais de 800 atra\u00e7\u00f5es, entre nomes que s\u00e3o sin\u00f4nimo de festa animada, feito Alceu Valen\u00e7a, Elba Ramalho, Anast\u00e1cia, Santanna, Petr\u00facio Amorim, Maciel Melo, Geraldinho Lins, Em Canto e Poesia, Quinteto Violado, Nando Cordel, Novinho da Para\u00edba, Coco dos Pretos, Ciranda Dengosa, Terezinha do Acordeon, Ciranda Imperial, Bia Marinho, Coco do Jurem\u00e1, N\u00e1dia Maia, Cascabulho, Fim de Feira, Ciranda do Eg\u00eddio, Assis\u00e3o, Mestre Ambr\u00f3sio, Salatiel D\u2019 Camar\u00e3o, Muniz do Arrasta-p\u00e9, Fam\u00edlia Salustiano, Lia de Itamarac\u00e1, Forr\u00f3 na Caixa, Alcymar Monteiro e Mestre Gennaro, al\u00e9m de Tintim por Tintim, Bailinho Kids e Arraialzinho da Fada Magrinha, para garantir o arrasta-pezinho. Isso sem falar em Jorge de Altinho e Irah Caldeira, grandes homenageados deste S\u00e3o Jo\u00e3o recifense.<\/p>\n<p>\u201cA gente vai fazer um ciclo junino completo com a for\u00e7a da nossa tradi\u00e7\u00e3o e da nossa cultura. O S\u00e3o Jo\u00e3o da capital representa aquilo que a gente quer ver nos nossos polos, como o S\u00edtio Trindade, que \u00e9 praticamente o centro de refer\u00eancia do nosso ciclo. Veremos a tradi\u00e7\u00e3o presente, a quadrilha, o p\u00e9 de serra, muito forr\u00f3, ciranda, vai ter coco, tudo aquilo que faz o S\u00e3o Jo\u00e3o ser t\u00e3o querido pelo nosso povo\u201d, enfatizou o secret\u00e1rio Ricardo Mello.<\/p>\n<p>&nbsp;<\/p>\n<p>Polos e programa\u00e7\u00e3o<\/p>\n<p>Anima\u00e7\u00e3o e tradi\u00e7\u00e3o est\u00e3o garantidas. Mas n\u00e3o vai faltar novidade: al\u00e9m do S\u00edtio Trindade sempre presente, o Recife Antigo vai se embelezar todinho para convidar o Recife para dan\u00e7ar. O \u201cArraial Novo da Rio Branco\u201d vai se instalar no boulevard recifense, com sala de reboco, cidade cenogr\u00e1fica e barraquinhas. Tudo movido ao som dos mais genu\u00ednos acordes juninos.<\/p>\n<p>A festa no bairro hist\u00f3rico j\u00e1 come\u00e7a no dia 11 de junho, com os trios p\u00e9 de serra circulando pelo bairro e espalhando o forr\u00f3. At\u00e9 o dia 30, todo dia ser\u00e1 de forr\u00f3 naquelas bandas: de segunda a segunda, das 12h \u00e0s 14h e das 17h \u00e0s 19h, vai ter trio p\u00e9 serra na Rio Branco. Nos finais de semana, o balanc\u00ea ser\u00e1 caprichado, com as presen\u00e7as de quadrilhas juninas e apresenta\u00e7\u00f5es tamb\u00e9m na sala de reboco, das 19h at\u00e9 1h, nas sextas e s\u00e1bados e das 16h \u00e0s 21h, aos domingos.<\/p>\n<p>No dia 15, outra tradi\u00e7\u00e3o junina ganha as ruas do Recife Antigo: o Desfile das Bandeiras, que acontece junto com a Caminhada do Forr\u00f3, arrastando o povo da Rua da Moeda at\u00e9 a Pra\u00e7a do Arsenal, a partir das 17h.<\/p>\n<p>No S\u00edtio Trindade, onde todos os buchos recifenses j\u00e1 se acostumaram a ralar, na mais aut\u00eantica e tradicional celebra\u00e7\u00e3o junina da capital, a programa\u00e7\u00e3o tamb\u00e9m come\u00e7a no dia 11 de junho, com as eliminat\u00f3rias do 37\u00b0 Concurso de Quadrilhas Juninas Adultas. At\u00e9 o dia 15, um total de 34 grupos desfilar\u00e3o suas cores e enredos no palho\u00e7\u00e3o, garantindo muitos decib\u00e9is de emo\u00e7\u00e3o e beleza.<\/p>\n<p>Do dia 16 em diante, a festa espraia, enchendo o S\u00edtio todinho de forr\u00f3. Vai ter programa\u00e7\u00e3o musical no palco principal e na sala de reboco nos dias 16, 17 e 18, 23, 24 e 25, 28, 29 e 30. Nos finais de semana, das 16h \u00e0s 19h, o pavilh\u00e3o do S\u00edtio tamb\u00e9m ter\u00e1 programa\u00e7\u00e3o infantil. Mas se engana quem pensa que os candeeiros se apagar\u00e3o nos dias de semana. Os dias 21 e 22 tamb\u00e9m ser\u00e3o muito \u00fateis para quem quiser celebrar a festa e a f\u00e9 juninas, no Festival Comida de Santo e na Prociss\u00e3o dos Santos Juninos. Tamb\u00e9m nos dias 21 e 22, o palho\u00e7\u00e3o das quadrilhas recebe as finais do concurso adulto. As apresenta\u00e7\u00f5es do concurso infanto-juvenil ser\u00e3o nos dias 28 e 29.<\/p>\n<p>Nessa altura, j\u00e1 se encaminhando para o final, o passeio na ro\u00e7a desemboca em mais um polo. Nos dias 28, 29 e 30 vai ter festa para S\u00e3o Pedro, no P\u00e1tio hist\u00f3rico que leva o nome do santo, no centro da cidade.<\/p>\n<p>E para quem, por algum motivo, n\u00e3o puder ir at\u00e9 os arraiais do centro e do S\u00edtio, tem nada n\u00e3o: os santos do altar junino v\u00e3o buscar os recifenses perto de casa. A programa\u00e7\u00e3o descentralizada, que \u00e9 marca registrada dos ciclos festivos na cidade, vai espalhar apresenta\u00e7\u00f5es por dez bairros. Nos dias 23 e 24, Lagoa do Ara\u00e7\u00e1, Barro, Tot\u00f3, Campo Grande e Cordeiro festejam S\u00e3o Jo\u00e3o. E nos dias 29 e 30, arrastam p\u00e9 Bras\u00edlia Teimosa, Bongi, Ibura, Vila Tamandar\u00e9 e Po\u00e7o da Panela, em honra e gra\u00e7a a S\u00e3o Pedro.<\/p>\n<p>\u201cArraial Novo\u201d<\/p>\n<p>Para receber a programa\u00e7\u00e3o com todas as cores e belezuras juninas, a Prefeitura do Recife vai vestir os polos da cidade com os s\u00edmbolos que o ciclo junino evoca no imagin\u00e1rio nordestino. A Rio Branco vai virar a capital \u201cinteriorana\u201d dos festejos, recebendo uma cidade cenogr\u00e1fica, que contar\u00e1 com v\u00e1rias casas, com direito a igreja, quermesse e at\u00e9 Prefeitura.<\/p>\n<p>O forr\u00f3 estar\u00e1 garantido na Sala de Reboco, cercada e coberta, montada no meio da Rio Branco, para abrigar o resfolego da sanfona. Al\u00e9m de xote e bai\u00e3o no sal\u00e3o, vai ter bandeirinha espalhada para todo lado no c\u00e9u da Rio Branco, que vai receber os cavalheiros e damas com p\u00f3rtico em formato de fogueira.<\/p>\n<p>E tem mais: pode preparar para o retrato, que a Prefeitura vai garantir o cen\u00e1rio. A decora\u00e7\u00e3o contar\u00e1 com elementos como bal\u00f5es de ch\u00e3o (um deles com mais de seis metros de altura e vazado, para o p\u00fablico passar por dentro).<\/p>\n<p>Homenageados<\/p>\n<p>Irah Caldeira<\/p>\n<p>Arrastando p\u00e9 atr\u00e1s da sonoridade nordestina nascida da mistura entre zabumba, tri\u00e2ngulo e sanfona, Irah Caldeira percorreu todo o Nordeste, a poeira subindo e o suor descendo, para encorpar performance e colecionar repert\u00f3rio at\u00e9 escolher Pernambuco como casa e cen\u00e1rio para sua carreira musical. Nascida em Minas Gerais, iniciou-se nos do Recife na d\u00e9cada de 1990, dando voz a compositores como Petr\u00facio Amorim, Accioly Neto e Maciel Melo, entre outros caboclos sonhadores e cantadores.<\/p>\n<p>De arraial em arraial, confirmou-se uma das mais importantes int\u00e9rpretes femininas dos ritmos nordestinos, tendo gravado v\u00e1rios discos e participa\u00e7\u00f5es na obra de companheiros e pareias de palco e sala de reboco. Dona de uma voz inconfund\u00edvel e de uma energia inesgot\u00e1vel, \u00e9 especialista em balanc\u00ea e abarrotadora de sal\u00e3o das mais infal\u00edveis e ligeiras que j\u00e1 rezaram na cartilha do S\u00e3o Jo\u00e3o nordestino.<\/p>\n<p>A artista expressou sua felicidade ao receber a not\u00edcia no evento de abertura do Ciclo Junino, no S\u00edtio Trindade. \u201cAcho que \u00e9 expl\u00edcita a alegria e o sentimento de gratid\u00e3o que envolve este momento. Tamb\u00e9m \u00e9 uma honra ser homenageado ao lado de Jorge de Altinho, que eu sou f\u00e3\u201d, disse..<\/p>\n<p>Jorge de Altinho<\/p>\n<p>Nascido na cidade de Olinda, Jorge Assis de Assun\u00e7\u00e3o mudou-se ainda crian\u00e7a para o interior pernambucano, onde sua vida encontraria um novo norte. Ali\u00e1s, um Nordeste inteiro de sonoridades e refer\u00eancias po\u00e9ticas e musicais. Entre violeiros, aboiadores, sanfoneiros e emboladores, ganhou um rumo e at\u00e9 alcunha nova, sagrando-se Jorge de Altinho nos sal\u00f5es cheios de arrasta-p\u00e9 da regi\u00e3o onde cresceu. Estudioso de m\u00fasica, nem ligou, deixou o povo falar e ousou introduzir os metais no forr\u00f3, fazendo, pela primeira vez nos palcos e arraiais nordestinos, sanfona rimar com trombone. Gravou mais de 40 \u00e1lbuns de sucesso, foi bater at\u00e9 no programa do Chacrinha, onde ganhou v\u00e1rios discos de ouro &#8211; e nenhum trof\u00e9u abacaxi. Confirmou-se sin\u00f4nimo de forr\u00f3, cantor e compositor dos mais requisitados, lembrados e cantados nos festejos juninos de todo o Nordeste, assinando sucessos como \u201cPetrolina-Juazeiro\u201d, \u201cConfid\u00eancias\u201d e \u201cAndorinha S\u00f3 n\u00e3o Faz Ver\u00e3o\u201d. Festa de S\u00e3o Jo\u00e3o, para ser boa mesmo, tem que ter Jorge de Altinho no palco. E pra ser \u00f3tima, faz quest\u00e3o at\u00e9 de lhe render homenagem. \u201cSer homenageado e reconhecido na cidade que eu escolhi para morar, cidade que eu amo e que \u00e9 a minha cara, \u00e9 muita emo\u00e7\u00e3o. Eu agrade\u00e7o de cora\u00e7\u00e3o esse reconhecimento do nosso trabalho e da nossa estrada. Quero parabenizar voc\u00ea, prefeito, al\u00e9m da Secretaria de Cultura, a Funda\u00e7\u00e3o de Cultura e todos da prefeitura que colaboraram para a gente fazer um ciclo junino bem nosso, bem tradicional, resgatando a nossa cultura. Isso \u00e9 uma inje\u00e7\u00e3o de \u00e2nimo muito grande\u201d, declarou o cantor.<\/p>\n<p>&nbsp;<\/p>\n<p>S\u00c3O JO\u00c3O 2023 \u2013 RECIFE JUNINO<\/p>\n<p>De 11 a 30 de junho<\/p>\n<p>Na Avenida Rio Branco, S\u00edtio Trindade e P\u00e1tio de S\u00e3o Pedro<\/p>\n<p>&nbsp;<\/p>\n<p>AVENIDA RIO BRANCO<\/p>\n<p>Dias 11, 18 e 25 de junho (domingos)\u00a0\u2013 Quadrilhas, trios itinerantes\/atra\u00e7\u00f5es na Sala de Reboco, das 10h \u00e0s 14h\/16h \u00e0s 21h<\/p>\n<p>Dias 12, 13, 14 e 15, 19, 20, 21 e 22, 26, 27, 28 e 29 de junho (segunda a quinta-feira)\u00a0&#8211; Trios p\u00e9 de serra itinerantes pelo bairro, das 12h \u00e0s 14h e das 17h \u00e0s 19h<\/p>\n<p>Dias 16, 23 e 30 de junho (sextas)\u00a0\u2013 Trios itinerantes\/atra\u00e7\u00f5es na Sala de Reboco, das 12h \u00e0s 19h\/19h at\u00e9 1h<\/p>\n<p>Dias 17 e 24 de junho (s\u00e1bados)\u00a0\u2013 Quadrilhas, trios itinerantes\/atra\u00e7\u00f5es na Sala de Reboco, das 12h \u00e0s 19h\/19h at\u00e9 1h<\/p>\n<p>Dia 15 de junho (quinta-feira)\u00a0&#8211; Caminhada do Forr\u00f3 e Desfile das Bandeiras, da Rua da Moeda at\u00e9 a Pra\u00e7a do Arsenal), a partir das 17h<\/p>\n<p>&nbsp;<\/p>\n<p>S\u00cdTIO TRINDADE<\/p>\n<p>Dias 11 a 15 de junho (domingo a quinta-feira)\u00a0&#8211; Eliminat\u00f3rias do 37\u00ba Concurso de Quadrilhas Juninas Adultas<\/p>\n<p>Dias 16, 23 e 30 de junho (sextas)\u00a0&#8211; Programa\u00e7\u00e3o no palco e na sala de reboco, a partir das 18h<\/p>\n<p>Dias 17 e 18, 23, 24 e 25 de junho (sexta, s\u00e1bados e domingos)\u00a0&#8211; Programa\u00e7\u00e3o infantil do pavilh\u00e3o das quadrilhas, a partir das 16h, e programa\u00e7\u00e3o no palco e na sala de reboco, a partir das 18h<\/p>\n<p>Dias 21 e 22 de junho(quarta e quinta-feira)\u00a0&#8211; Finais do 37\u00ba Concurso de Quadrilhas Juninas Adultas, a partir das 20h<\/p>\n<p>Dia 21 de junho (quarta-feira)\u00a0&#8211; Festival Comida de Santo, a partir das 20h<\/p>\n<p>Dia 22 de junho &#8211;\u00a0Prociss\u00e3o dos Santos Juninos, a partir das 16h, do Morro da Concei\u00e7\u00e3o ao S\u00edtio Trindade<\/p>\n<p>Dias 28 e 29 de junho (quarta e quinta-feira)\u00a0&#8211; Programa\u00e7\u00e3o no palco e na sala de reboco, a partir das 18h, e 19\u00b0 Concurso de Quadrilhas Juninas Infantojuvenis, a partir das 20h<\/p>\n<p>&nbsp;<\/p>\n<p>P\u00c1TIO DE S\u00c3O PEDRO<\/p>\n<p>Dias 28, 29 e 30\u00a0&#8211; Programa\u00e7\u00e3o no palco, das 17h at\u00e9 1h<\/p>\n<p>&nbsp;<\/p>\n<p>POLOS DESCENTRALIZADOS<\/p>\n<p>Dias 23 e 24 de junho &#8211;\u00a0Lagoa do Ara\u00e7\u00e1, Barro, Tot\u00f3, Campo Grande e Cordeiro<\/p>\n<p>Dias 29 e 30 de junho &#8211;\u00a0Bras\u00edlia Teimosa, Bongi, Ibura, Vila Tamandar\u00e9 e Po\u00e7o da Panela<\/p>\n<p>&nbsp;<\/p>\n","protected":false},"excerpt":{"rendered":"<p>A programa\u00e7\u00e3o da Prefeitura do Recife vai se espalhar pela cidade, com mais de 800 atra\u00e7\u00f5es, o tradicional concurso de quadrilhas e um \u201cnovo arraial\u201d. Tudo j\u00e1 a partir do dia 11\/6. O S\u00edtio Trindade segue como grande referencial, mas o Recife Antigo entra na festa e o P\u00e1tio de S\u00e3o Pedro tamb\u00e9m integra a [&hellip;]<\/p>\n","protected":false},"author":8,"featured_media":6880,"comment_status":"closed","ping_status":"","sticky":false,"template":"","format":"standard","meta":{"footnotes":""},"categories":[272],"tags":[],"cores-categorias":[],"class_list":["post-6877","post","type-post","status-publish","format-standard","has-post-thumbnail","hentry","category-cultura"],"yoast_head":"<!-- This site is optimized with the Yoast SEO plugin v27.2 - https:\/\/yoast.com\/product\/yoast-seo-wordpress\/ -->\n<title>Recife anuncia 20 dias de festa para celebrar o tradicional ciclo junino - Jornal Fato Novo<\/title>\n<meta name=\"robots\" content=\"index, follow, max-snippet:-1, max-image-preview:large, max-video-preview:-1\" \/>\n<link rel=\"canonical\" href=\"https:\/\/tvnova.tv.br\/jornalfatonovo\/recife-anuncia-20-dias-de-festa-para-celebrar-o-tradicional-ciclo-junino\/\" \/>\n<meta property=\"og:locale\" content=\"pt_BR\" \/>\n<meta property=\"og:type\" content=\"article\" \/>\n<meta property=\"og:title\" content=\"Recife anuncia 20 dias de festa para celebrar o tradicional ciclo junino - Jornal Fato Novo\" \/>\n<meta property=\"og:description\" content=\"A programa\u00e7\u00e3o da Prefeitura do Recife vai se espalhar pela cidade, com mais de 800 atra\u00e7\u00f5es, o tradicional concurso de quadrilhas e um \u201cnovo arraial\u201d. Tudo j\u00e1 a partir do dia 11\/6. O S\u00edtio Trindade segue como grande referencial, mas o Recife Antigo entra na festa e o P\u00e1tio de S\u00e3o Pedro tamb\u00e9m integra a [&hellip;]\" \/>\n<meta property=\"og:url\" content=\"https:\/\/tvnova.tv.br\/jornalfatonovo\/recife-anuncia-20-dias-de-festa-para-celebrar-o-tradicional-ciclo-junino\/\" \/>\n<meta property=\"og:site_name\" content=\"Jornal Fato Novo\" \/>\n<meta property=\"article:publisher\" content=\"https:\/\/www.facebook.com\/tvnovanordeste\/\" \/>\n<meta property=\"article:published_time\" content=\"2023-05-30T15:08:54+00:00\" \/>\n<meta property=\"article:modified_time\" content=\"2023-05-30T15:12:23+00:00\" \/>\n<meta property=\"og:image\" content=\"https:\/\/tvnova.tv.br\/jornalfatonovo\/wp-content\/uploads\/2023\/05\/whatsapp-image-2023-05-26-at-112408.jpeg\" \/>\n\t<meta property=\"og:image:width\" content=\"360\" \/>\n\t<meta property=\"og:image:height\" content=\"170\" \/>\n\t<meta property=\"og:image:type\" content=\"image\/jpeg\" \/>\n<meta name=\"author\" content=\"Pedro Carvalho\" \/>\n<meta name=\"twitter:card\" content=\"summary_large_image\" \/>\n<meta name=\"twitter:creator\" content=\"@tvnovanordeste\" \/>\n<meta name=\"twitter:site\" content=\"@tvnovanordeste\" \/>\n<meta name=\"twitter:label1\" content=\"Escrito por\" \/>\n\t<meta name=\"twitter:data1\" content=\"Pedro Carvalho\" \/>\n\t<meta name=\"twitter:label2\" content=\"Est. tempo de leitura\" \/>\n\t<meta name=\"twitter:data2\" content=\"10 minutos\" \/>\n<script type=\"application\/ld+json\" class=\"yoast-schema-graph\">{\"@context\":\"https:\/\/schema.org\",\"@graph\":[{\"@type\":\"Article\",\"@id\":\"https:\/\/tvnova.tv.br\/jornalfatonovo\/recife-anuncia-20-dias-de-festa-para-celebrar-o-tradicional-ciclo-junino\/#article\",\"isPartOf\":{\"@id\":\"https:\/\/tvnova.tv.br\/jornalfatonovo\/recife-anuncia-20-dias-de-festa-para-celebrar-o-tradicional-ciclo-junino\/\"},\"author\":{\"name\":\"Pedro Carvalho\",\"@id\":\"https:\/\/tvnova.tv.br\/jornalfatonovo\/#\/schema\/person\/d2ddd8b1ba9eb4b70fd5f5b4e4d5639b\"},\"headline\":\"Recife anuncia 20 dias de festa para celebrar o tradicional ciclo junino\",\"datePublished\":\"2023-05-30T15:08:54+00:00\",\"dateModified\":\"2023-05-30T15:12:23+00:00\",\"mainEntityOfPage\":{\"@id\":\"https:\/\/tvnova.tv.br\/jornalfatonovo\/recife-anuncia-20-dias-de-festa-para-celebrar-o-tradicional-ciclo-junino\/\"},\"wordCount\":2091,\"publisher\":{\"@id\":\"https:\/\/tvnova.tv.br\/jornalfatonovo\/#organization\"},\"image\":{\"@id\":\"https:\/\/tvnova.tv.br\/jornalfatonovo\/recife-anuncia-20-dias-de-festa-para-celebrar-o-tradicional-ciclo-junino\/#primaryimage\"},\"thumbnailUrl\":\"https:\/\/tvnova.tv.br\/jornalfatonovo\/wp-content\/uploads\/2023\/05\/fotos_-_hs_131.jpeg\",\"articleSection\":[\"Cultura\"],\"inLanguage\":\"pt-BR\"},{\"@type\":\"WebPage\",\"@id\":\"https:\/\/tvnova.tv.br\/jornalfatonovo\/recife-anuncia-20-dias-de-festa-para-celebrar-o-tradicional-ciclo-junino\/\",\"url\":\"https:\/\/tvnova.tv.br\/jornalfatonovo\/recife-anuncia-20-dias-de-festa-para-celebrar-o-tradicional-ciclo-junino\/\",\"name\":\"Recife anuncia 20 dias de festa para celebrar o tradicional ciclo junino - Jornal Fato Novo\",\"isPartOf\":{\"@id\":\"https:\/\/tvnova.tv.br\/jornalfatonovo\/#website\"},\"primaryImageOfPage\":{\"@id\":\"https:\/\/tvnova.tv.br\/jornalfatonovo\/recife-anuncia-20-dias-de-festa-para-celebrar-o-tradicional-ciclo-junino\/#primaryimage\"},\"image\":{\"@id\":\"https:\/\/tvnova.tv.br\/jornalfatonovo\/recife-anuncia-20-dias-de-festa-para-celebrar-o-tradicional-ciclo-junino\/#primaryimage\"},\"thumbnailUrl\":\"https:\/\/tvnova.tv.br\/jornalfatonovo\/wp-content\/uploads\/2023\/05\/fotos_-_hs_131.jpeg\",\"datePublished\":\"2023-05-30T15:08:54+00:00\",\"dateModified\":\"2023-05-30T15:12:23+00:00\",\"breadcrumb\":{\"@id\":\"https:\/\/tvnova.tv.br\/jornalfatonovo\/recife-anuncia-20-dias-de-festa-para-celebrar-o-tradicional-ciclo-junino\/#breadcrumb\"},\"inLanguage\":\"pt-BR\",\"potentialAction\":[{\"@type\":\"ReadAction\",\"target\":[\"https:\/\/tvnova.tv.br\/jornalfatonovo\/recife-anuncia-20-dias-de-festa-para-celebrar-o-tradicional-ciclo-junino\/\"]}]},{\"@type\":\"ImageObject\",\"inLanguage\":\"pt-BR\",\"@id\":\"https:\/\/tvnova.tv.br\/jornalfatonovo\/recife-anuncia-20-dias-de-festa-para-celebrar-o-tradicional-ciclo-junino\/#primaryimage\",\"url\":\"https:\/\/tvnova.tv.br\/jornalfatonovo\/wp-content\/uploads\/2023\/05\/fotos_-_hs_131.jpeg\",\"contentUrl\":\"https:\/\/tvnova.tv.br\/jornalfatonovo\/wp-content\/uploads\/2023\/05\/fotos_-_hs_131.jpeg\",\"width\":770,\"height\":434},{\"@type\":\"BreadcrumbList\",\"@id\":\"https:\/\/tvnova.tv.br\/jornalfatonovo\/recife-anuncia-20-dias-de-festa-para-celebrar-o-tradicional-ciclo-junino\/#breadcrumb\",\"itemListElement\":[{\"@type\":\"ListItem\",\"position\":1,\"name\":\"In\u00edcio\",\"item\":\"https:\/\/tvnova.tv.br\/jornalfatonovo\/\"},{\"@type\":\"ListItem\",\"position\":2,\"name\":\"Recife anuncia 20 dias de festa para celebrar o tradicional ciclo junino\"}]},{\"@type\":\"WebSite\",\"@id\":\"https:\/\/tvnova.tv.br\/jornalfatonovo\/#website\",\"url\":\"https:\/\/tvnova.tv.br\/jornalfatonovo\/\",\"name\":\"Jornal Fato Novo\",\"description\":\"Acompanhe as not\u00edcias de Pernambuco\",\"publisher\":{\"@id\":\"https:\/\/tvnova.tv.br\/jornalfatonovo\/#organization\"},\"potentialAction\":[{\"@type\":\"SearchAction\",\"target\":{\"@type\":\"EntryPoint\",\"urlTemplate\":\"https:\/\/tvnova.tv.br\/jornalfatonovo\/?s={search_term_string}\"},\"query-input\":{\"@type\":\"PropertyValueSpecification\",\"valueRequired\":true,\"valueName\":\"search_term_string\"}}],\"inLanguage\":\"pt-BR\"},{\"@type\":\"Organization\",\"@id\":\"https:\/\/tvnova.tv.br\/jornalfatonovo\/#organization\",\"name\":\"Jornal Fato Novo\",\"url\":\"https:\/\/tvnova.tv.br\/jornalfatonovo\/\",\"logo\":{\"@type\":\"ImageObject\",\"inLanguage\":\"pt-BR\",\"@id\":\"https:\/\/tvnova.tv.br\/jornalfatonovo\/#\/schema\/logo\/image\/\",\"url\":\"https:\/\/tvnova.tv.br\/jornalfatonovo1\/wp-content\/uploads\/2023\/04\/FATO-NOVO-1.png\",\"contentUrl\":\"https:\/\/tvnova.tv.br\/jornalfatonovo1\/wp-content\/uploads\/2023\/04\/FATO-NOVO-1.png\",\"width\":200,\"height\":60,\"caption\":\"Jornal Fato Novo\"},\"image\":{\"@id\":\"https:\/\/tvnova.tv.br\/jornalfatonovo\/#\/schema\/logo\/image\/\"},\"sameAs\":[\"https:\/\/www.facebook.com\/tvnovanordeste\/\",\"https:\/\/x.com\/tvnovanordeste\",\"https:\/\/www.instagram.com\/jornalfatonovope\/\"]},{\"@type\":\"Person\",\"@id\":\"https:\/\/tvnova.tv.br\/jornalfatonovo\/#\/schema\/person\/d2ddd8b1ba9eb4b70fd5f5b4e4d5639b\",\"name\":\"Pedro Carvalho\",\"url\":\"https:\/\/tvnova.tv.br\/jornalfatonovo\/author\/pedrocarvalho\/\"}]}<\/script>\n<!-- \/ Yoast SEO plugin. -->","yoast_head_json":{"title":"Recife anuncia 20 dias de festa para celebrar o tradicional ciclo junino - Jornal Fato Novo","robots":{"index":"index","follow":"follow","max-snippet":"max-snippet:-1","max-image-preview":"max-image-preview:large","max-video-preview":"max-video-preview:-1"},"canonical":"https:\/\/tvnova.tv.br\/jornalfatonovo\/recife-anuncia-20-dias-de-festa-para-celebrar-o-tradicional-ciclo-junino\/","og_locale":"pt_BR","og_type":"article","og_title":"Recife anuncia 20 dias de festa para celebrar o tradicional ciclo junino - Jornal Fato Novo","og_description":"A programa\u00e7\u00e3o da Prefeitura do Recife vai se espalhar pela cidade, com mais de 800 atra\u00e7\u00f5es, o tradicional concurso de quadrilhas e um \u201cnovo arraial\u201d. Tudo j\u00e1 a partir do dia 11\/6. O S\u00edtio Trindade segue como grande referencial, mas o Recife Antigo entra na festa e o P\u00e1tio de S\u00e3o Pedro tamb\u00e9m integra a [&hellip;]","og_url":"https:\/\/tvnova.tv.br\/jornalfatonovo\/recife-anuncia-20-dias-de-festa-para-celebrar-o-tradicional-ciclo-junino\/","og_site_name":"Jornal Fato Novo","article_publisher":"https:\/\/www.facebook.com\/tvnovanordeste\/","article_published_time":"2023-05-30T15:08:54+00:00","article_modified_time":"2023-05-30T15:12:23+00:00","og_image":[{"width":360,"height":170,"url":"https:\/\/tvnova.tv.br\/jornalfatonovo\/wp-content\/uploads\/2023\/05\/whatsapp-image-2023-05-26-at-112408.jpeg","type":"image\/jpeg"}],"author":"Pedro Carvalho","twitter_card":"summary_large_image","twitter_creator":"@tvnovanordeste","twitter_site":"@tvnovanordeste","twitter_misc":{"Escrito por":"Pedro Carvalho","Est. tempo de leitura":"10 minutos"},"schema":{"@context":"https:\/\/schema.org","@graph":[{"@type":"Article","@id":"https:\/\/tvnova.tv.br\/jornalfatonovo\/recife-anuncia-20-dias-de-festa-para-celebrar-o-tradicional-ciclo-junino\/#article","isPartOf":{"@id":"https:\/\/tvnova.tv.br\/jornalfatonovo\/recife-anuncia-20-dias-de-festa-para-celebrar-o-tradicional-ciclo-junino\/"},"author":{"name":"Pedro Carvalho","@id":"https:\/\/tvnova.tv.br\/jornalfatonovo\/#\/schema\/person\/d2ddd8b1ba9eb4b70fd5f5b4e4d5639b"},"headline":"Recife anuncia 20 dias de festa para celebrar o tradicional ciclo junino","datePublished":"2023-05-30T15:08:54+00:00","dateModified":"2023-05-30T15:12:23+00:00","mainEntityOfPage":{"@id":"https:\/\/tvnova.tv.br\/jornalfatonovo\/recife-anuncia-20-dias-de-festa-para-celebrar-o-tradicional-ciclo-junino\/"},"wordCount":2091,"publisher":{"@id":"https:\/\/tvnova.tv.br\/jornalfatonovo\/#organization"},"image":{"@id":"https:\/\/tvnova.tv.br\/jornalfatonovo\/recife-anuncia-20-dias-de-festa-para-celebrar-o-tradicional-ciclo-junino\/#primaryimage"},"thumbnailUrl":"https:\/\/tvnova.tv.br\/jornalfatonovo\/wp-content\/uploads\/2023\/05\/fotos_-_hs_131.jpeg","articleSection":["Cultura"],"inLanguage":"pt-BR"},{"@type":"WebPage","@id":"https:\/\/tvnova.tv.br\/jornalfatonovo\/recife-anuncia-20-dias-de-festa-para-celebrar-o-tradicional-ciclo-junino\/","url":"https:\/\/tvnova.tv.br\/jornalfatonovo\/recife-anuncia-20-dias-de-festa-para-celebrar-o-tradicional-ciclo-junino\/","name":"Recife anuncia 20 dias de festa para celebrar o tradicional ciclo junino - Jornal Fato Novo","isPartOf":{"@id":"https:\/\/tvnova.tv.br\/jornalfatonovo\/#website"},"primaryImageOfPage":{"@id":"https:\/\/tvnova.tv.br\/jornalfatonovo\/recife-anuncia-20-dias-de-festa-para-celebrar-o-tradicional-ciclo-junino\/#primaryimage"},"image":{"@id":"https:\/\/tvnova.tv.br\/jornalfatonovo\/recife-anuncia-20-dias-de-festa-para-celebrar-o-tradicional-ciclo-junino\/#primaryimage"},"thumbnailUrl":"https:\/\/tvnova.tv.br\/jornalfatonovo\/wp-content\/uploads\/2023\/05\/fotos_-_hs_131.jpeg","datePublished":"2023-05-30T15:08:54+00:00","dateModified":"2023-05-30T15:12:23+00:00","breadcrumb":{"@id":"https:\/\/tvnova.tv.br\/jornalfatonovo\/recife-anuncia-20-dias-de-festa-para-celebrar-o-tradicional-ciclo-junino\/#breadcrumb"},"inLanguage":"pt-BR","potentialAction":[{"@type":"ReadAction","target":["https:\/\/tvnova.tv.br\/jornalfatonovo\/recife-anuncia-20-dias-de-festa-para-celebrar-o-tradicional-ciclo-junino\/"]}]},{"@type":"ImageObject","inLanguage":"pt-BR","@id":"https:\/\/tvnova.tv.br\/jornalfatonovo\/recife-anuncia-20-dias-de-festa-para-celebrar-o-tradicional-ciclo-junino\/#primaryimage","url":"https:\/\/tvnova.tv.br\/jornalfatonovo\/wp-content\/uploads\/2023\/05\/fotos_-_hs_131.jpeg","contentUrl":"https:\/\/tvnova.tv.br\/jornalfatonovo\/wp-content\/uploads\/2023\/05\/fotos_-_hs_131.jpeg","width":770,"height":434},{"@type":"BreadcrumbList","@id":"https:\/\/tvnova.tv.br\/jornalfatonovo\/recife-anuncia-20-dias-de-festa-para-celebrar-o-tradicional-ciclo-junino\/#breadcrumb","itemListElement":[{"@type":"ListItem","position":1,"name":"In\u00edcio","item":"https:\/\/tvnova.tv.br\/jornalfatonovo\/"},{"@type":"ListItem","position":2,"name":"Recife anuncia 20 dias de festa para celebrar o tradicional ciclo junino"}]},{"@type":"WebSite","@id":"https:\/\/tvnova.tv.br\/jornalfatonovo\/#website","url":"https:\/\/tvnova.tv.br\/jornalfatonovo\/","name":"Jornal Fato Novo","description":"Acompanhe as not\u00edcias de Pernambuco","publisher":{"@id":"https:\/\/tvnova.tv.br\/jornalfatonovo\/#organization"},"potentialAction":[{"@type":"SearchAction","target":{"@type":"EntryPoint","urlTemplate":"https:\/\/tvnova.tv.br\/jornalfatonovo\/?s={search_term_string}"},"query-input":{"@type":"PropertyValueSpecification","valueRequired":true,"valueName":"search_term_string"}}],"inLanguage":"pt-BR"},{"@type":"Organization","@id":"https:\/\/tvnova.tv.br\/jornalfatonovo\/#organization","name":"Jornal Fato Novo","url":"https:\/\/tvnova.tv.br\/jornalfatonovo\/","logo":{"@type":"ImageObject","inLanguage":"pt-BR","@id":"https:\/\/tvnova.tv.br\/jornalfatonovo\/#\/schema\/logo\/image\/","url":"https:\/\/tvnova.tv.br\/jornalfatonovo1\/wp-content\/uploads\/2023\/04\/FATO-NOVO-1.png","contentUrl":"https:\/\/tvnova.tv.br\/jornalfatonovo1\/wp-content\/uploads\/2023\/04\/FATO-NOVO-1.png","width":200,"height":60,"caption":"Jornal Fato Novo"},"image":{"@id":"https:\/\/tvnova.tv.br\/jornalfatonovo\/#\/schema\/logo\/image\/"},"sameAs":["https:\/\/www.facebook.com\/tvnovanordeste\/","https:\/\/x.com\/tvnovanordeste","https:\/\/www.instagram.com\/jornalfatonovope\/"]},{"@type":"Person","@id":"https:\/\/tvnova.tv.br\/jornalfatonovo\/#\/schema\/person\/d2ddd8b1ba9eb4b70fd5f5b4e4d5639b","name":"Pedro Carvalho","url":"https:\/\/tvnova.tv.br\/jornalfatonovo\/author\/pedrocarvalho\/"}]}},"_links":{"self":[{"href":"https:\/\/tvnova.tv.br\/jornalfatonovo\/wp-json\/wp\/v2\/posts\/6877","targetHints":{"allow":["GET"]}}],"collection":[{"href":"https:\/\/tvnova.tv.br\/jornalfatonovo\/wp-json\/wp\/v2\/posts"}],"about":[{"href":"https:\/\/tvnova.tv.br\/jornalfatonovo\/wp-json\/wp\/v2\/types\/post"}],"author":[{"embeddable":true,"href":"https:\/\/tvnova.tv.br\/jornalfatonovo\/wp-json\/wp\/v2\/users\/8"}],"replies":[{"embeddable":true,"href":"https:\/\/tvnova.tv.br\/jornalfatonovo\/wp-json\/wp\/v2\/comments?post=6877"}],"version-history":[{"count":0,"href":"https:\/\/tvnova.tv.br\/jornalfatonovo\/wp-json\/wp\/v2\/posts\/6877\/revisions"}],"wp:featuredmedia":[{"embeddable":true,"href":"https:\/\/tvnova.tv.br\/jornalfatonovo\/wp-json\/wp\/v2\/media\/6880"}],"wp:attachment":[{"href":"https:\/\/tvnova.tv.br\/jornalfatonovo\/wp-json\/wp\/v2\/media?parent=6877"}],"wp:term":[{"taxonomy":"category","embeddable":true,"href":"https:\/\/tvnova.tv.br\/jornalfatonovo\/wp-json\/wp\/v2\/categories?post=6877"},{"taxonomy":"post_tag","embeddable":true,"href":"https:\/\/tvnova.tv.br\/jornalfatonovo\/wp-json\/wp\/v2\/tags?post=6877"},{"taxonomy":"cores-categorias","embeddable":true,"href":"https:\/\/tvnova.tv.br\/jornalfatonovo\/wp-json\/wp\/v2\/cores-categorias?post=6877"}],"curies":[{"name":"wp","href":"https:\/\/api.w.org\/{rel}","templated":true}]}}