{"id":6885,"date":"2023-05-30T15:11:22","date_gmt":"2023-05-30T18:11:22","guid":{"rendered":"https:\/\/tvnova.tv.br\/jornalfatonovo\/?p=6885"},"modified":"2023-05-30T15:11:44","modified_gmt":"2023-05-30T18:11:44","slug":"arraial-da-musa-esta-de-volta-no-cabo-de-santo-agostinho","status":"publish","type":"post","link":"https:\/\/tvnova.tv.br\/jornalfatonovo\/arraial-da-musa-esta-de-volta-no-cabo-de-santo-agostinho\/","title":{"rendered":"Arraial da Musa est\u00e1 de volta no Cabo de Santo Agostinho"},"content":{"rendered":"<p>O Tradicional Arraial da Musa volta a acontecer, desta vez no munic\u00edpio do Cabo de Santo Agostinho, na Regi\u00e3o Metropolitana do Recife. O evento ser\u00e1 no dia 3 de Junho, na Arena Nove de Julho, a partir das 19h.<\/p>\n<p>Priscila Senna tornou-se uma das vozes femininas mais conhecidas de Pernambuco. No repert\u00f3rio, o p\u00fablico ir\u00e1 ouvir diversos sucessos como &#8220;Te Esqueci Valendo&#8221;, &#8220;Uma Hora Passa&#8221; e &#8220;De M\u00e3os Dadas&#8221;, \u201cAlvejante\u201d, e m\u00fasicas que est\u00e3o presentes no trabalho mais recente de Priscila, o EP &#8220;Primeiro Ato&#8221;.]<\/p>\n<p>Al\u00e9m da Priscila Senna, grande atra\u00e7\u00e3o da noite, o arraial conta com shows de Raphaela Santos, Rhayza Fontes, Luanny Vital e os forr\u00f3s das bandas Capital do Sol, Mel com Terra e Forroz\u00e3o do Chacal.<br \/>\nOs ingressos est\u00e3o sendo vendidos na Bilheteria Digital, Adidas e Lojas Tropical.<\/p>\n<p>SERVI\u00c7O:<br \/>\nARRAIAL DA MUSA<br \/>\nQuando: 03 De Junho De 2023 \u00c0s 19h<br \/>\nOnde: Arena Nove De Julho, No Cabo De Santo Agostinho<\/p>\n","protected":false},"excerpt":{"rendered":"<p>O Tradicional Arraial da Musa volta a acontecer, desta vez no munic\u00edpio do Cabo de Santo Agostinho, na Regi\u00e3o Metropolitana do Recife. O evento ser\u00e1 no dia 3 de Junho, na Arena Nove de Julho, a partir das 19h. Priscila Senna tornou-se uma das vozes femininas mais conhecidas de Pernambuco. No repert\u00f3rio, o p\u00fablico ir\u00e1 [&hellip;]<\/p>\n","protected":false},"author":4,"featured_media":6884,"comment_status":"closed","ping_status":"","sticky":false,"template":"","format":"standard","meta":{"footnotes":""},"categories":[272],"tags":[],"cores-categorias":[],"class_list":["post-6885","post","type-post","status-publish","format-standard","has-post-thumbnail","hentry","category-cultura"],"yoast_head":"<!-- This site is optimized with the Yoast SEO plugin v27.2 - https:\/\/yoast.com\/product\/yoast-seo-wordpress\/ -->\n<title>Arraial da Musa est\u00e1 de volta no Cabo de Santo Agostinho - Jornal Fato Novo<\/title>\n<meta name=\"robots\" content=\"index, follow, max-snippet:-1, max-image-preview:large, max-video-preview:-1\" \/>\n<link rel=\"canonical\" href=\"https:\/\/tvnova.tv.br\/jornalfatonovo\/arraial-da-musa-esta-de-volta-no-cabo-de-santo-agostinho\/\" \/>\n<meta property=\"og:locale\" content=\"pt_BR\" \/>\n<meta property=\"og:type\" content=\"article\" \/>\n<meta property=\"og:title\" content=\"Arraial da Musa est\u00e1 de volta no Cabo de Santo Agostinho - Jornal Fato Novo\" \/>\n<meta property=\"og:description\" content=\"O Tradicional Arraial da Musa volta a acontecer, desta vez no munic\u00edpio do Cabo de Santo Agostinho, na Regi\u00e3o Metropolitana do Recife. O evento ser\u00e1 no dia 3 de Junho, na Arena Nove de Julho, a partir das 19h. Priscila Senna tornou-se uma das vozes femininas mais conhecidas de Pernambuco. No repert\u00f3rio, o p\u00fablico ir\u00e1 [&hellip;]\" \/>\n<meta property=\"og:url\" content=\"https:\/\/tvnova.tv.br\/jornalfatonovo\/arraial-da-musa-esta-de-volta-no-cabo-de-santo-agostinho\/\" \/>\n<meta property=\"og:site_name\" content=\"Jornal Fato Novo\" \/>\n<meta property=\"article:publisher\" content=\"https:\/\/www.facebook.com\/tvnovanordeste\/\" \/>\n<meta property=\"article:published_time\" content=\"2023-05-30T18:11:22+00:00\" \/>\n<meta property=\"article:modified_time\" content=\"2023-05-30T18:11:44+00:00\" \/>\n<meta property=\"og:image\" content=\"https:\/\/tvnova.tv.br\/jornalfatonovo\/wp-content\/uploads\/2023\/05\/52495957_819085498433522_1633494715435319296_n.jpg\" \/>\n\t<meta property=\"og:image:width\" content=\"625\" \/>\n\t<meta property=\"og:image:height\" content=\"410\" \/>\n\t<meta property=\"og:image:type\" content=\"image\/jpeg\" \/>\n<meta name=\"author\" content=\"Dennys Candido\" \/>\n<meta name=\"twitter:card\" content=\"summary_large_image\" \/>\n<meta name=\"twitter:creator\" content=\"@tvnovanordeste\" \/>\n<meta name=\"twitter:site\" content=\"@tvnovanordeste\" \/>\n<meta name=\"twitter:label1\" content=\"Escrito por\" \/>\n\t<meta name=\"twitter:data1\" content=\"Dennys Candido\" \/>\n\t<meta name=\"twitter:label2\" content=\"Est. tempo de leitura\" \/>\n\t<meta name=\"twitter:data2\" content=\"1 minuto\" \/>\n<script type=\"application\/ld+json\" class=\"yoast-schema-graph\">{\"@context\":\"https:\/\/schema.org\",\"@graph\":[{\"@type\":\"Article\",\"@id\":\"https:\/\/tvnova.tv.br\/jornalfatonovo\/arraial-da-musa-esta-de-volta-no-cabo-de-santo-agostinho\/#article\",\"isPartOf\":{\"@id\":\"https:\/\/tvnova.tv.br\/jornalfatonovo\/arraial-da-musa-esta-de-volta-no-cabo-de-santo-agostinho\/\"},\"author\":{\"name\":\"Dennys Candido\",\"@id\":\"https:\/\/tvnova.tv.br\/jornalfatonovo\/#\/schema\/person\/fc36ee5e79655aad2c850008174b4e0e\"},\"headline\":\"Arraial da Musa est\u00e1 de volta no Cabo de Santo Agostinho\",\"datePublished\":\"2023-05-30T18:11:22+00:00\",\"dateModified\":\"2023-05-30T18:11:44+00:00\",\"mainEntityOfPage\":{\"@id\":\"https:\/\/tvnova.tv.br\/jornalfatonovo\/arraial-da-musa-esta-de-volta-no-cabo-de-santo-agostinho\/\"},\"wordCount\":175,\"publisher\":{\"@id\":\"https:\/\/tvnova.tv.br\/jornalfatonovo\/#organization\"},\"image\":{\"@id\":\"https:\/\/tvnova.tv.br\/jornalfatonovo\/arraial-da-musa-esta-de-volta-no-cabo-de-santo-agostinho\/#primaryimage\"},\"thumbnailUrl\":\"https:\/\/tvnova.tv.br\/jornalfatonovo\/wp-content\/uploads\/2023\/05\/52495957_819085498433522_1633494715435319296_n.jpg\",\"articleSection\":[\"Cultura\"],\"inLanguage\":\"pt-BR\"},{\"@type\":\"WebPage\",\"@id\":\"https:\/\/tvnova.tv.br\/jornalfatonovo\/arraial-da-musa-esta-de-volta-no-cabo-de-santo-agostinho\/\",\"url\":\"https:\/\/tvnova.tv.br\/jornalfatonovo\/arraial-da-musa-esta-de-volta-no-cabo-de-santo-agostinho\/\",\"name\":\"Arraial da Musa est\u00e1 de volta no Cabo de Santo Agostinho - Jornal Fato Novo\",\"isPartOf\":{\"@id\":\"https:\/\/tvnova.tv.br\/jornalfatonovo\/#website\"},\"primaryImageOfPage\":{\"@id\":\"https:\/\/tvnova.tv.br\/jornalfatonovo\/arraial-da-musa-esta-de-volta-no-cabo-de-santo-agostinho\/#primaryimage\"},\"image\":{\"@id\":\"https:\/\/tvnova.tv.br\/jornalfatonovo\/arraial-da-musa-esta-de-volta-no-cabo-de-santo-agostinho\/#primaryimage\"},\"thumbnailUrl\":\"https:\/\/tvnova.tv.br\/jornalfatonovo\/wp-content\/uploads\/2023\/05\/52495957_819085498433522_1633494715435319296_n.jpg\",\"datePublished\":\"2023-05-30T18:11:22+00:00\",\"dateModified\":\"2023-05-30T18:11:44+00:00\",\"breadcrumb\":{\"@id\":\"https:\/\/tvnova.tv.br\/jornalfatonovo\/arraial-da-musa-esta-de-volta-no-cabo-de-santo-agostinho\/#breadcrumb\"},\"inLanguage\":\"pt-BR\",\"potentialAction\":[{\"@type\":\"ReadAction\",\"target\":[\"https:\/\/tvnova.tv.br\/jornalfatonovo\/arraial-da-musa-esta-de-volta-no-cabo-de-santo-agostinho\/\"]}]},{\"@type\":\"ImageObject\",\"inLanguage\":\"pt-BR\",\"@id\":\"https:\/\/tvnova.tv.br\/jornalfatonovo\/arraial-da-musa-esta-de-volta-no-cabo-de-santo-agostinho\/#primaryimage\",\"url\":\"https:\/\/tvnova.tv.br\/jornalfatonovo\/wp-content\/uploads\/2023\/05\/52495957_819085498433522_1633494715435319296_n.jpg\",\"contentUrl\":\"https:\/\/tvnova.tv.br\/jornalfatonovo\/wp-content\/uploads\/2023\/05\/52495957_819085498433522_1633494715435319296_n.jpg\",\"width\":625,\"height\":410},{\"@type\":\"BreadcrumbList\",\"@id\":\"https:\/\/tvnova.tv.br\/jornalfatonovo\/arraial-da-musa-esta-de-volta-no-cabo-de-santo-agostinho\/#breadcrumb\",\"itemListElement\":[{\"@type\":\"ListItem\",\"position\":1,\"name\":\"In\u00edcio\",\"item\":\"https:\/\/tvnova.tv.br\/jornalfatonovo\/\"},{\"@type\":\"ListItem\",\"position\":2,\"name\":\"Arraial da Musa est\u00e1 de volta no Cabo de Santo Agostinho\"}]},{\"@type\":\"WebSite\",\"@id\":\"https:\/\/tvnova.tv.br\/jornalfatonovo\/#website\",\"url\":\"https:\/\/tvnova.tv.br\/jornalfatonovo\/\",\"name\":\"Jornal Fato Novo\",\"description\":\"Acompanhe as not\u00edcias de Pernambuco\",\"publisher\":{\"@id\":\"https:\/\/tvnova.tv.br\/jornalfatonovo\/#organization\"},\"potentialAction\":[{\"@type\":\"SearchAction\",\"target\":{\"@type\":\"EntryPoint\",\"urlTemplate\":\"https:\/\/tvnova.tv.br\/jornalfatonovo\/?s={search_term_string}\"},\"query-input\":{\"@type\":\"PropertyValueSpecification\",\"valueRequired\":true,\"valueName\":\"search_term_string\"}}],\"inLanguage\":\"pt-BR\"},{\"@type\":\"Organization\",\"@id\":\"https:\/\/tvnova.tv.br\/jornalfatonovo\/#organization\",\"name\":\"Jornal Fato Novo\",\"url\":\"https:\/\/tvnova.tv.br\/jornalfatonovo\/\",\"logo\":{\"@type\":\"ImageObject\",\"inLanguage\":\"pt-BR\",\"@id\":\"https:\/\/tvnova.tv.br\/jornalfatonovo\/#\/schema\/logo\/image\/\",\"url\":\"https:\/\/tvnova.tv.br\/jornalfatonovo1\/wp-content\/uploads\/2023\/04\/FATO-NOVO-1.png\",\"contentUrl\":\"https:\/\/tvnova.tv.br\/jornalfatonovo1\/wp-content\/uploads\/2023\/04\/FATO-NOVO-1.png\",\"width\":200,\"height\":60,\"caption\":\"Jornal Fato Novo\"},\"image\":{\"@id\":\"https:\/\/tvnova.tv.br\/jornalfatonovo\/#\/schema\/logo\/image\/\"},\"sameAs\":[\"https:\/\/www.facebook.com\/tvnovanordeste\/\",\"https:\/\/x.com\/tvnovanordeste\",\"https:\/\/www.instagram.com\/jornalfatonovope\/\"]},{\"@type\":\"Person\",\"@id\":\"https:\/\/tvnova.tv.br\/jornalfatonovo\/#\/schema\/person\/fc36ee5e79655aad2c850008174b4e0e\",\"name\":\"Dennys Candido\",\"url\":\"https:\/\/tvnova.tv.br\/jornalfatonovo\/author\/dennys-candido\/\"}]}<\/script>\n<!-- \/ Yoast SEO plugin. -->","yoast_head_json":{"title":"Arraial da Musa est\u00e1 de volta no Cabo de Santo Agostinho - Jornal Fato Novo","robots":{"index":"index","follow":"follow","max-snippet":"max-snippet:-1","max-image-preview":"max-image-preview:large","max-video-preview":"max-video-preview:-1"},"canonical":"https:\/\/tvnova.tv.br\/jornalfatonovo\/arraial-da-musa-esta-de-volta-no-cabo-de-santo-agostinho\/","og_locale":"pt_BR","og_type":"article","og_title":"Arraial da Musa est\u00e1 de volta no Cabo de Santo Agostinho - Jornal Fato Novo","og_description":"O Tradicional Arraial da Musa volta a acontecer, desta vez no munic\u00edpio do Cabo de Santo Agostinho, na Regi\u00e3o Metropolitana do Recife. O evento ser\u00e1 no dia 3 de Junho, na Arena Nove de Julho, a partir das 19h. Priscila Senna tornou-se uma das vozes femininas mais conhecidas de Pernambuco. No repert\u00f3rio, o p\u00fablico ir\u00e1 [&hellip;]","og_url":"https:\/\/tvnova.tv.br\/jornalfatonovo\/arraial-da-musa-esta-de-volta-no-cabo-de-santo-agostinho\/","og_site_name":"Jornal Fato Novo","article_publisher":"https:\/\/www.facebook.com\/tvnovanordeste\/","article_published_time":"2023-05-30T18:11:22+00:00","article_modified_time":"2023-05-30T18:11:44+00:00","og_image":[{"width":625,"height":410,"url":"https:\/\/tvnova.tv.br\/jornalfatonovo\/wp-content\/uploads\/2023\/05\/52495957_819085498433522_1633494715435319296_n.jpg","type":"image\/jpeg"}],"author":"Dennys Candido","twitter_card":"summary_large_image","twitter_creator":"@tvnovanordeste","twitter_site":"@tvnovanordeste","twitter_misc":{"Escrito por":"Dennys Candido","Est. tempo de leitura":"1 minuto"},"schema":{"@context":"https:\/\/schema.org","@graph":[{"@type":"Article","@id":"https:\/\/tvnova.tv.br\/jornalfatonovo\/arraial-da-musa-esta-de-volta-no-cabo-de-santo-agostinho\/#article","isPartOf":{"@id":"https:\/\/tvnova.tv.br\/jornalfatonovo\/arraial-da-musa-esta-de-volta-no-cabo-de-santo-agostinho\/"},"author":{"name":"Dennys Candido","@id":"https:\/\/tvnova.tv.br\/jornalfatonovo\/#\/schema\/person\/fc36ee5e79655aad2c850008174b4e0e"},"headline":"Arraial da Musa est\u00e1 de volta no Cabo de Santo Agostinho","datePublished":"2023-05-30T18:11:22+00:00","dateModified":"2023-05-30T18:11:44+00:00","mainEntityOfPage":{"@id":"https:\/\/tvnova.tv.br\/jornalfatonovo\/arraial-da-musa-esta-de-volta-no-cabo-de-santo-agostinho\/"},"wordCount":175,"publisher":{"@id":"https:\/\/tvnova.tv.br\/jornalfatonovo\/#organization"},"image":{"@id":"https:\/\/tvnova.tv.br\/jornalfatonovo\/arraial-da-musa-esta-de-volta-no-cabo-de-santo-agostinho\/#primaryimage"},"thumbnailUrl":"https:\/\/tvnova.tv.br\/jornalfatonovo\/wp-content\/uploads\/2023\/05\/52495957_819085498433522_1633494715435319296_n.jpg","articleSection":["Cultura"],"inLanguage":"pt-BR"},{"@type":"WebPage","@id":"https:\/\/tvnova.tv.br\/jornalfatonovo\/arraial-da-musa-esta-de-volta-no-cabo-de-santo-agostinho\/","url":"https:\/\/tvnova.tv.br\/jornalfatonovo\/arraial-da-musa-esta-de-volta-no-cabo-de-santo-agostinho\/","name":"Arraial da Musa est\u00e1 de volta no Cabo de Santo Agostinho - Jornal Fato Novo","isPartOf":{"@id":"https:\/\/tvnova.tv.br\/jornalfatonovo\/#website"},"primaryImageOfPage":{"@id":"https:\/\/tvnova.tv.br\/jornalfatonovo\/arraial-da-musa-esta-de-volta-no-cabo-de-santo-agostinho\/#primaryimage"},"image":{"@id":"https:\/\/tvnova.tv.br\/jornalfatonovo\/arraial-da-musa-esta-de-volta-no-cabo-de-santo-agostinho\/#primaryimage"},"thumbnailUrl":"https:\/\/tvnova.tv.br\/jornalfatonovo\/wp-content\/uploads\/2023\/05\/52495957_819085498433522_1633494715435319296_n.jpg","datePublished":"2023-05-30T18:11:22+00:00","dateModified":"2023-05-30T18:11:44+00:00","breadcrumb":{"@id":"https:\/\/tvnova.tv.br\/jornalfatonovo\/arraial-da-musa-esta-de-volta-no-cabo-de-santo-agostinho\/#breadcrumb"},"inLanguage":"pt-BR","potentialAction":[{"@type":"ReadAction","target":["https:\/\/tvnova.tv.br\/jornalfatonovo\/arraial-da-musa-esta-de-volta-no-cabo-de-santo-agostinho\/"]}]},{"@type":"ImageObject","inLanguage":"pt-BR","@id":"https:\/\/tvnova.tv.br\/jornalfatonovo\/arraial-da-musa-esta-de-volta-no-cabo-de-santo-agostinho\/#primaryimage","url":"https:\/\/tvnova.tv.br\/jornalfatonovo\/wp-content\/uploads\/2023\/05\/52495957_819085498433522_1633494715435319296_n.jpg","contentUrl":"https:\/\/tvnova.tv.br\/jornalfatonovo\/wp-content\/uploads\/2023\/05\/52495957_819085498433522_1633494715435319296_n.jpg","width":625,"height":410},{"@type":"BreadcrumbList","@id":"https:\/\/tvnova.tv.br\/jornalfatonovo\/arraial-da-musa-esta-de-volta-no-cabo-de-santo-agostinho\/#breadcrumb","itemListElement":[{"@type":"ListItem","position":1,"name":"In\u00edcio","item":"https:\/\/tvnova.tv.br\/jornalfatonovo\/"},{"@type":"ListItem","position":2,"name":"Arraial da Musa est\u00e1 de volta no Cabo de Santo Agostinho"}]},{"@type":"WebSite","@id":"https:\/\/tvnova.tv.br\/jornalfatonovo\/#website","url":"https:\/\/tvnova.tv.br\/jornalfatonovo\/","name":"Jornal Fato Novo","description":"Acompanhe as not\u00edcias de Pernambuco","publisher":{"@id":"https:\/\/tvnova.tv.br\/jornalfatonovo\/#organization"},"potentialAction":[{"@type":"SearchAction","target":{"@type":"EntryPoint","urlTemplate":"https:\/\/tvnova.tv.br\/jornalfatonovo\/?s={search_term_string}"},"query-input":{"@type":"PropertyValueSpecification","valueRequired":true,"valueName":"search_term_string"}}],"inLanguage":"pt-BR"},{"@type":"Organization","@id":"https:\/\/tvnova.tv.br\/jornalfatonovo\/#organization","name":"Jornal Fato Novo","url":"https:\/\/tvnova.tv.br\/jornalfatonovo\/","logo":{"@type":"ImageObject","inLanguage":"pt-BR","@id":"https:\/\/tvnova.tv.br\/jornalfatonovo\/#\/schema\/logo\/image\/","url":"https:\/\/tvnova.tv.br\/jornalfatonovo1\/wp-content\/uploads\/2023\/04\/FATO-NOVO-1.png","contentUrl":"https:\/\/tvnova.tv.br\/jornalfatonovo1\/wp-content\/uploads\/2023\/04\/FATO-NOVO-1.png","width":200,"height":60,"caption":"Jornal Fato Novo"},"image":{"@id":"https:\/\/tvnova.tv.br\/jornalfatonovo\/#\/schema\/logo\/image\/"},"sameAs":["https:\/\/www.facebook.com\/tvnovanordeste\/","https:\/\/x.com\/tvnovanordeste","https:\/\/www.instagram.com\/jornalfatonovope\/"]},{"@type":"Person","@id":"https:\/\/tvnova.tv.br\/jornalfatonovo\/#\/schema\/person\/fc36ee5e79655aad2c850008174b4e0e","name":"Dennys Candido","url":"https:\/\/tvnova.tv.br\/jornalfatonovo\/author\/dennys-candido\/"}]}},"_links":{"self":[{"href":"https:\/\/tvnova.tv.br\/jornalfatonovo\/wp-json\/wp\/v2\/posts\/6885","targetHints":{"allow":["GET"]}}],"collection":[{"href":"https:\/\/tvnova.tv.br\/jornalfatonovo\/wp-json\/wp\/v2\/posts"}],"about":[{"href":"https:\/\/tvnova.tv.br\/jornalfatonovo\/wp-json\/wp\/v2\/types\/post"}],"author":[{"embeddable":true,"href":"https:\/\/tvnova.tv.br\/jornalfatonovo\/wp-json\/wp\/v2\/users\/4"}],"replies":[{"embeddable":true,"href":"https:\/\/tvnova.tv.br\/jornalfatonovo\/wp-json\/wp\/v2\/comments?post=6885"}],"version-history":[{"count":0,"href":"https:\/\/tvnova.tv.br\/jornalfatonovo\/wp-json\/wp\/v2\/posts\/6885\/revisions"}],"wp:featuredmedia":[{"embeddable":true,"href":"https:\/\/tvnova.tv.br\/jornalfatonovo\/wp-json\/wp\/v2\/media\/6884"}],"wp:attachment":[{"href":"https:\/\/tvnova.tv.br\/jornalfatonovo\/wp-json\/wp\/v2\/media?parent=6885"}],"wp:term":[{"taxonomy":"category","embeddable":true,"href":"https:\/\/tvnova.tv.br\/jornalfatonovo\/wp-json\/wp\/v2\/categories?post=6885"},{"taxonomy":"post_tag","embeddable":true,"href":"https:\/\/tvnova.tv.br\/jornalfatonovo\/wp-json\/wp\/v2\/tags?post=6885"},{"taxonomy":"cores-categorias","embeddable":true,"href":"https:\/\/tvnova.tv.br\/jornalfatonovo\/wp-json\/wp\/v2\/cores-categorias?post=6885"}],"curies":[{"name":"wp","href":"https:\/\/api.w.org\/{rel}","templated":true}]}}