{"id":7689,"date":"2023-06-11T10:04:20","date_gmt":"2023-06-11T13:04:20","guid":{"rendered":"https:\/\/tvnova.tv.br\/jornalfatonovo\/?p=7689"},"modified":"2023-06-11T10:07:16","modified_gmt":"2023-06-11T13:07:16","slug":"mesmo-apos-terceira-morte-causada-por-chikungunya-pernambuco-apresenta-lixo-descartado-irregularmente","status":"publish","type":"post","link":"https:\/\/tvnova.tv.br\/jornalfatonovo\/mesmo-apos-terceira-morte-causada-por-chikungunya-pernambuco-apresenta-lixo-descartado-irregularmente\/","title":{"rendered":"Mesmo ap\u00f3s terceira morte causada por Chikungunya, Pernambuco apresenta lixo descartado irregularmente"},"content":{"rendered":"<p>Nesta semana, Pernambuco registrou a terceira morte por Chikungunya no ano. A\u00a0 v\u00edtima foi um idoso de 64 anos, que faleceu no come\u00e7o de abril. A not\u00edcia chama a aten\u00e7\u00e3o para pr\u00e1ticas cotidianas que auxiliam no aumento dos casos da doen\u00e7a.<\/p>\n<p>&nbsp;<\/p>\n<p>&nbsp;<\/p>\n<p>O ac\u00famulo de lixo descartado irregularmente nas ruas aumenta o n\u00famero de doen\u00e7as provocadas por insetos. Os objetos descartados podem acumular \u00e1gua parada, levando ao desenvolvimento do aedes aegypti, mosquito causador da dengue, zika e chikungunya.<\/p>\n<p>&nbsp;<\/p>\n<p>&nbsp;<\/p>\n","protected":false},"excerpt":{"rendered":"<p>Nesta semana, Pernambuco registrou a terceira morte por Chikungunya no ano. A\u00a0 v\u00edtima foi um idoso de 64 anos, que faleceu no come\u00e7o de abril. A not\u00edcia chama a aten\u00e7\u00e3o para pr\u00e1ticas cotidianas que auxiliam no aumento dos casos da doen\u00e7a. &nbsp; &nbsp; O ac\u00famulo de lixo descartado irregularmente nas ruas aumenta o n\u00famero de [&hellip;]<\/p>\n","protected":false},"author":6,"featured_media":7691,"comment_status":"closed","ping_status":"","sticky":false,"template":"","format":"standard","meta":{"footnotes":""},"categories":[1],"tags":[943,944,288],"cores-categorias":[],"class_list":["post-7689","post","type-post","status-publish","format-standard","has-post-thumbnail","hentry","category-cidades","tag-chikungunya","tag-descarte-irregular","tag-pernambuco"],"yoast_head":"<!-- This site is optimized with the Yoast SEO plugin v27.2 - https:\/\/yoast.com\/product\/yoast-seo-wordpress\/ -->\n<title>Mesmo ap\u00f3s terceira morte causada por Chikungunya, Pernambuco apresenta lixo descartado irregularmente - Jornal Fato Novo<\/title>\n<meta name=\"robots\" content=\"index, follow, max-snippet:-1, max-image-preview:large, max-video-preview:-1\" \/>\n<link rel=\"canonical\" href=\"https:\/\/tvnova.tv.br\/jornalfatonovo\/mesmo-apos-terceira-morte-causada-por-chikungunya-pernambuco-apresenta-lixo-descartado-irregularmente\/\" \/>\n<meta property=\"og:locale\" content=\"pt_BR\" \/>\n<meta property=\"og:type\" content=\"article\" \/>\n<meta property=\"og:title\" content=\"Mesmo ap\u00f3s terceira morte causada por Chikungunya, Pernambuco apresenta lixo descartado irregularmente - Jornal Fato Novo\" \/>\n<meta property=\"og:description\" content=\"Nesta semana, Pernambuco registrou a terceira morte por Chikungunya no ano. A\u00a0 v\u00edtima foi um idoso de 64 anos, que faleceu no come\u00e7o de abril. A not\u00edcia chama a aten\u00e7\u00e3o para pr\u00e1ticas cotidianas que auxiliam no aumento dos casos da doen\u00e7a. &nbsp; &nbsp; O ac\u00famulo de lixo descartado irregularmente nas ruas aumenta o n\u00famero de [&hellip;]\" \/>\n<meta property=\"og:url\" content=\"https:\/\/tvnova.tv.br\/jornalfatonovo\/mesmo-apos-terceira-morte-causada-por-chikungunya-pernambuco-apresenta-lixo-descartado-irregularmente\/\" \/>\n<meta property=\"og:site_name\" content=\"Jornal Fato Novo\" \/>\n<meta property=\"article:publisher\" content=\"https:\/\/www.facebook.com\/tvnovanordeste\/\" \/>\n<meta property=\"article:published_time\" content=\"2023-06-11T13:04:20+00:00\" \/>\n<meta property=\"article:modified_time\" content=\"2023-06-11T13:07:16+00:00\" \/>\n<meta name=\"author\" content=\"Victoria Campos\" \/>\n<meta name=\"twitter:card\" content=\"summary_large_image\" \/>\n<meta name=\"twitter:creator\" content=\"@tvnovanordeste\" \/>\n<meta name=\"twitter:site\" content=\"@tvnovanordeste\" \/>\n<meta name=\"twitter:label1\" content=\"Escrito por\" \/>\n\t<meta name=\"twitter:data1\" content=\"Victoria Campos\" \/>\n<script type=\"application\/ld+json\" class=\"yoast-schema-graph\">{\"@context\":\"https:\/\/schema.org\",\"@graph\":[{\"@type\":\"Article\",\"@id\":\"https:\/\/tvnova.tv.br\/jornalfatonovo\/mesmo-apos-terceira-morte-causada-por-chikungunya-pernambuco-apresenta-lixo-descartado-irregularmente\/#article\",\"isPartOf\":{\"@id\":\"https:\/\/tvnova.tv.br\/jornalfatonovo\/mesmo-apos-terceira-morte-causada-por-chikungunya-pernambuco-apresenta-lixo-descartado-irregularmente\/\"},\"author\":{\"name\":\"Victoria Campos\",\"@id\":\"https:\/\/tvnova.tv.br\/jornalfatonovo\/#\/schema\/person\/91ba9daadb7e96d3cbe5e1b84619be88\"},\"headline\":\"Mesmo ap\u00f3s terceira morte causada por Chikungunya, Pernambuco apresenta lixo descartado irregularmente\",\"datePublished\":\"2023-06-11T13:04:20+00:00\",\"dateModified\":\"2023-06-11T13:07:16+00:00\",\"mainEntityOfPage\":{\"@id\":\"https:\/\/tvnova.tv.br\/jornalfatonovo\/mesmo-apos-terceira-morte-causada-por-chikungunya-pernambuco-apresenta-lixo-descartado-irregularmente\/\"},\"wordCount\":102,\"publisher\":{\"@id\":\"https:\/\/tvnova.tv.br\/jornalfatonovo\/#organization\"},\"image\":{\"@id\":\"https:\/\/tvnova.tv.br\/jornalfatonovo\/mesmo-apos-terceira-morte-causada-por-chikungunya-pernambuco-apresenta-lixo-descartado-irregularmente\/#primaryimage\"},\"thumbnailUrl\":\"https:\/\/tvnova.tv.br\/jornalfatonovo\/wp-content\/uploads\/2023\/06\/Screenshot_20230609-195102_YouTube.jpg\",\"keywords\":[\"Chikungunya\",\"descarte Irregular\",\"Pernambuco\"],\"articleSection\":[\"Cidades\"],\"inLanguage\":\"pt-BR\"},{\"@type\":\"WebPage\",\"@id\":\"https:\/\/tvnova.tv.br\/jornalfatonovo\/mesmo-apos-terceira-morte-causada-por-chikungunya-pernambuco-apresenta-lixo-descartado-irregularmente\/\",\"url\":\"https:\/\/tvnova.tv.br\/jornalfatonovo\/mesmo-apos-terceira-morte-causada-por-chikungunya-pernambuco-apresenta-lixo-descartado-irregularmente\/\",\"name\":\"Mesmo ap\u00f3s terceira morte causada por Chikungunya, Pernambuco apresenta lixo descartado irregularmente - Jornal Fato Novo\",\"isPartOf\":{\"@id\":\"https:\/\/tvnova.tv.br\/jornalfatonovo\/#website\"},\"primaryImageOfPage\":{\"@id\":\"https:\/\/tvnova.tv.br\/jornalfatonovo\/mesmo-apos-terceira-morte-causada-por-chikungunya-pernambuco-apresenta-lixo-descartado-irregularmente\/#primaryimage\"},\"image\":{\"@id\":\"https:\/\/tvnova.tv.br\/jornalfatonovo\/mesmo-apos-terceira-morte-causada-por-chikungunya-pernambuco-apresenta-lixo-descartado-irregularmente\/#primaryimage\"},\"thumbnailUrl\":\"https:\/\/tvnova.tv.br\/jornalfatonovo\/wp-content\/uploads\/2023\/06\/Screenshot_20230609-195102_YouTube.jpg\",\"datePublished\":\"2023-06-11T13:04:20+00:00\",\"dateModified\":\"2023-06-11T13:07:16+00:00\",\"breadcrumb\":{\"@id\":\"https:\/\/tvnova.tv.br\/jornalfatonovo\/mesmo-apos-terceira-morte-causada-por-chikungunya-pernambuco-apresenta-lixo-descartado-irregularmente\/#breadcrumb\"},\"inLanguage\":\"pt-BR\",\"potentialAction\":[{\"@type\":\"ReadAction\",\"target\":[\"https:\/\/tvnova.tv.br\/jornalfatonovo\/mesmo-apos-terceira-morte-causada-por-chikungunya-pernambuco-apresenta-lixo-descartado-irregularmente\/\"]}]},{\"@type\":\"ImageObject\",\"inLanguage\":\"pt-BR\",\"@id\":\"https:\/\/tvnova.tv.br\/jornalfatonovo\/mesmo-apos-terceira-morte-causada-por-chikungunya-pernambuco-apresenta-lixo-descartado-irregularmente\/#primaryimage\",\"url\":\"https:\/\/tvnova.tv.br\/jornalfatonovo\/wp-content\/uploads\/2023\/06\/Screenshot_20230609-195102_YouTube.jpg\",\"contentUrl\":\"https:\/\/tvnova.tv.br\/jornalfatonovo\/wp-content\/uploads\/2023\/06\/Screenshot_20230609-195102_YouTube.jpg\",\"width\":2400,\"height\":1080},{\"@type\":\"BreadcrumbList\",\"@id\":\"https:\/\/tvnova.tv.br\/jornalfatonovo\/mesmo-apos-terceira-morte-causada-por-chikungunya-pernambuco-apresenta-lixo-descartado-irregularmente\/#breadcrumb\",\"itemListElement\":[{\"@type\":\"ListItem\",\"position\":1,\"name\":\"In\u00edcio\",\"item\":\"https:\/\/tvnova.tv.br\/jornalfatonovo\/\"},{\"@type\":\"ListItem\",\"position\":2,\"name\":\"Mesmo ap\u00f3s terceira morte causada por Chikungunya, Pernambuco apresenta lixo descartado irregularmente\"}]},{\"@type\":\"WebSite\",\"@id\":\"https:\/\/tvnova.tv.br\/jornalfatonovo\/#website\",\"url\":\"https:\/\/tvnova.tv.br\/jornalfatonovo\/\",\"name\":\"Jornal Fato Novo\",\"description\":\"Acompanhe as not\u00edcias de Pernambuco\",\"publisher\":{\"@id\":\"https:\/\/tvnova.tv.br\/jornalfatonovo\/#organization\"},\"potentialAction\":[{\"@type\":\"SearchAction\",\"target\":{\"@type\":\"EntryPoint\",\"urlTemplate\":\"https:\/\/tvnova.tv.br\/jornalfatonovo\/?s={search_term_string}\"},\"query-input\":{\"@type\":\"PropertyValueSpecification\",\"valueRequired\":true,\"valueName\":\"search_term_string\"}}],\"inLanguage\":\"pt-BR\"},{\"@type\":\"Organization\",\"@id\":\"https:\/\/tvnova.tv.br\/jornalfatonovo\/#organization\",\"name\":\"Jornal Fato Novo\",\"url\":\"https:\/\/tvnova.tv.br\/jornalfatonovo\/\",\"logo\":{\"@type\":\"ImageObject\",\"inLanguage\":\"pt-BR\",\"@id\":\"https:\/\/tvnova.tv.br\/jornalfatonovo\/#\/schema\/logo\/image\/\",\"url\":\"https:\/\/tvnova.tv.br\/jornalfatonovo1\/wp-content\/uploads\/2023\/04\/FATO-NOVO-1.png\",\"contentUrl\":\"https:\/\/tvnova.tv.br\/jornalfatonovo1\/wp-content\/uploads\/2023\/04\/FATO-NOVO-1.png\",\"width\":200,\"height\":60,\"caption\":\"Jornal Fato Novo\"},\"image\":{\"@id\":\"https:\/\/tvnova.tv.br\/jornalfatonovo\/#\/schema\/logo\/image\/\"},\"sameAs\":[\"https:\/\/www.facebook.com\/tvnovanordeste\/\",\"https:\/\/x.com\/tvnovanordeste\",\"https:\/\/www.instagram.com\/jornalfatonovope\/\"]},{\"@type\":\"Person\",\"@id\":\"https:\/\/tvnova.tv.br\/jornalfatonovo\/#\/schema\/person\/91ba9daadb7e96d3cbe5e1b84619be88\",\"name\":\"Victoria Campos\",\"url\":\"https:\/\/tvnova.tv.br\/jornalfatonovo\/author\/victoria\/\"}]}<\/script>\n<!-- \/ Yoast SEO plugin. -->","yoast_head_json":{"title":"Mesmo ap\u00f3s terceira morte causada por Chikungunya, Pernambuco apresenta lixo descartado irregularmente - Jornal Fato Novo","robots":{"index":"index","follow":"follow","max-snippet":"max-snippet:-1","max-image-preview":"max-image-preview:large","max-video-preview":"max-video-preview:-1"},"canonical":"https:\/\/tvnova.tv.br\/jornalfatonovo\/mesmo-apos-terceira-morte-causada-por-chikungunya-pernambuco-apresenta-lixo-descartado-irregularmente\/","og_locale":"pt_BR","og_type":"article","og_title":"Mesmo ap\u00f3s terceira morte causada por Chikungunya, Pernambuco apresenta lixo descartado irregularmente - Jornal Fato Novo","og_description":"Nesta semana, Pernambuco registrou a terceira morte por Chikungunya no ano. A\u00a0 v\u00edtima foi um idoso de 64 anos, que faleceu no come\u00e7o de abril. A not\u00edcia chama a aten\u00e7\u00e3o para pr\u00e1ticas cotidianas que auxiliam no aumento dos casos da doen\u00e7a. &nbsp; &nbsp; O ac\u00famulo de lixo descartado irregularmente nas ruas aumenta o n\u00famero de [&hellip;]","og_url":"https:\/\/tvnova.tv.br\/jornalfatonovo\/mesmo-apos-terceira-morte-causada-por-chikungunya-pernambuco-apresenta-lixo-descartado-irregularmente\/","og_site_name":"Jornal Fato Novo","article_publisher":"https:\/\/www.facebook.com\/tvnovanordeste\/","article_published_time":"2023-06-11T13:04:20+00:00","article_modified_time":"2023-06-11T13:07:16+00:00","author":"Victoria Campos","twitter_card":"summary_large_image","twitter_creator":"@tvnovanordeste","twitter_site":"@tvnovanordeste","twitter_misc":{"Escrito por":"Victoria Campos"},"schema":{"@context":"https:\/\/schema.org","@graph":[{"@type":"Article","@id":"https:\/\/tvnova.tv.br\/jornalfatonovo\/mesmo-apos-terceira-morte-causada-por-chikungunya-pernambuco-apresenta-lixo-descartado-irregularmente\/#article","isPartOf":{"@id":"https:\/\/tvnova.tv.br\/jornalfatonovo\/mesmo-apos-terceira-morte-causada-por-chikungunya-pernambuco-apresenta-lixo-descartado-irregularmente\/"},"author":{"name":"Victoria Campos","@id":"https:\/\/tvnova.tv.br\/jornalfatonovo\/#\/schema\/person\/91ba9daadb7e96d3cbe5e1b84619be88"},"headline":"Mesmo ap\u00f3s terceira morte causada por Chikungunya, Pernambuco apresenta lixo descartado irregularmente","datePublished":"2023-06-11T13:04:20+00:00","dateModified":"2023-06-11T13:07:16+00:00","mainEntityOfPage":{"@id":"https:\/\/tvnova.tv.br\/jornalfatonovo\/mesmo-apos-terceira-morte-causada-por-chikungunya-pernambuco-apresenta-lixo-descartado-irregularmente\/"},"wordCount":102,"publisher":{"@id":"https:\/\/tvnova.tv.br\/jornalfatonovo\/#organization"},"image":{"@id":"https:\/\/tvnova.tv.br\/jornalfatonovo\/mesmo-apos-terceira-morte-causada-por-chikungunya-pernambuco-apresenta-lixo-descartado-irregularmente\/#primaryimage"},"thumbnailUrl":"https:\/\/tvnova.tv.br\/jornalfatonovo\/wp-content\/uploads\/2023\/06\/Screenshot_20230609-195102_YouTube.jpg","keywords":["Chikungunya","descarte Irregular","Pernambuco"],"articleSection":["Cidades"],"inLanguage":"pt-BR"},{"@type":"WebPage","@id":"https:\/\/tvnova.tv.br\/jornalfatonovo\/mesmo-apos-terceira-morte-causada-por-chikungunya-pernambuco-apresenta-lixo-descartado-irregularmente\/","url":"https:\/\/tvnova.tv.br\/jornalfatonovo\/mesmo-apos-terceira-morte-causada-por-chikungunya-pernambuco-apresenta-lixo-descartado-irregularmente\/","name":"Mesmo ap\u00f3s terceira morte causada por Chikungunya, Pernambuco apresenta lixo descartado irregularmente - Jornal Fato Novo","isPartOf":{"@id":"https:\/\/tvnova.tv.br\/jornalfatonovo\/#website"},"primaryImageOfPage":{"@id":"https:\/\/tvnova.tv.br\/jornalfatonovo\/mesmo-apos-terceira-morte-causada-por-chikungunya-pernambuco-apresenta-lixo-descartado-irregularmente\/#primaryimage"},"image":{"@id":"https:\/\/tvnova.tv.br\/jornalfatonovo\/mesmo-apos-terceira-morte-causada-por-chikungunya-pernambuco-apresenta-lixo-descartado-irregularmente\/#primaryimage"},"thumbnailUrl":"https:\/\/tvnova.tv.br\/jornalfatonovo\/wp-content\/uploads\/2023\/06\/Screenshot_20230609-195102_YouTube.jpg","datePublished":"2023-06-11T13:04:20+00:00","dateModified":"2023-06-11T13:07:16+00:00","breadcrumb":{"@id":"https:\/\/tvnova.tv.br\/jornalfatonovo\/mesmo-apos-terceira-morte-causada-por-chikungunya-pernambuco-apresenta-lixo-descartado-irregularmente\/#breadcrumb"},"inLanguage":"pt-BR","potentialAction":[{"@type":"ReadAction","target":["https:\/\/tvnova.tv.br\/jornalfatonovo\/mesmo-apos-terceira-morte-causada-por-chikungunya-pernambuco-apresenta-lixo-descartado-irregularmente\/"]}]},{"@type":"ImageObject","inLanguage":"pt-BR","@id":"https:\/\/tvnova.tv.br\/jornalfatonovo\/mesmo-apos-terceira-morte-causada-por-chikungunya-pernambuco-apresenta-lixo-descartado-irregularmente\/#primaryimage","url":"https:\/\/tvnova.tv.br\/jornalfatonovo\/wp-content\/uploads\/2023\/06\/Screenshot_20230609-195102_YouTube.jpg","contentUrl":"https:\/\/tvnova.tv.br\/jornalfatonovo\/wp-content\/uploads\/2023\/06\/Screenshot_20230609-195102_YouTube.jpg","width":2400,"height":1080},{"@type":"BreadcrumbList","@id":"https:\/\/tvnova.tv.br\/jornalfatonovo\/mesmo-apos-terceira-morte-causada-por-chikungunya-pernambuco-apresenta-lixo-descartado-irregularmente\/#breadcrumb","itemListElement":[{"@type":"ListItem","position":1,"name":"In\u00edcio","item":"https:\/\/tvnova.tv.br\/jornalfatonovo\/"},{"@type":"ListItem","position":2,"name":"Mesmo ap\u00f3s terceira morte causada por Chikungunya, Pernambuco apresenta lixo descartado irregularmente"}]},{"@type":"WebSite","@id":"https:\/\/tvnova.tv.br\/jornalfatonovo\/#website","url":"https:\/\/tvnova.tv.br\/jornalfatonovo\/","name":"Jornal Fato Novo","description":"Acompanhe as not\u00edcias de Pernambuco","publisher":{"@id":"https:\/\/tvnova.tv.br\/jornalfatonovo\/#organization"},"potentialAction":[{"@type":"SearchAction","target":{"@type":"EntryPoint","urlTemplate":"https:\/\/tvnova.tv.br\/jornalfatonovo\/?s={search_term_string}"},"query-input":{"@type":"PropertyValueSpecification","valueRequired":true,"valueName":"search_term_string"}}],"inLanguage":"pt-BR"},{"@type":"Organization","@id":"https:\/\/tvnova.tv.br\/jornalfatonovo\/#organization","name":"Jornal Fato Novo","url":"https:\/\/tvnova.tv.br\/jornalfatonovo\/","logo":{"@type":"ImageObject","inLanguage":"pt-BR","@id":"https:\/\/tvnova.tv.br\/jornalfatonovo\/#\/schema\/logo\/image\/","url":"https:\/\/tvnova.tv.br\/jornalfatonovo1\/wp-content\/uploads\/2023\/04\/FATO-NOVO-1.png","contentUrl":"https:\/\/tvnova.tv.br\/jornalfatonovo1\/wp-content\/uploads\/2023\/04\/FATO-NOVO-1.png","width":200,"height":60,"caption":"Jornal Fato Novo"},"image":{"@id":"https:\/\/tvnova.tv.br\/jornalfatonovo\/#\/schema\/logo\/image\/"},"sameAs":["https:\/\/www.facebook.com\/tvnovanordeste\/","https:\/\/x.com\/tvnovanordeste","https:\/\/www.instagram.com\/jornalfatonovope\/"]},{"@type":"Person","@id":"https:\/\/tvnova.tv.br\/jornalfatonovo\/#\/schema\/person\/91ba9daadb7e96d3cbe5e1b84619be88","name":"Victoria Campos","url":"https:\/\/tvnova.tv.br\/jornalfatonovo\/author\/victoria\/"}]}},"_links":{"self":[{"href":"https:\/\/tvnova.tv.br\/jornalfatonovo\/wp-json\/wp\/v2\/posts\/7689","targetHints":{"allow":["GET"]}}],"collection":[{"href":"https:\/\/tvnova.tv.br\/jornalfatonovo\/wp-json\/wp\/v2\/posts"}],"about":[{"href":"https:\/\/tvnova.tv.br\/jornalfatonovo\/wp-json\/wp\/v2\/types\/post"}],"author":[{"embeddable":true,"href":"https:\/\/tvnova.tv.br\/jornalfatonovo\/wp-json\/wp\/v2\/users\/6"}],"replies":[{"embeddable":true,"href":"https:\/\/tvnova.tv.br\/jornalfatonovo\/wp-json\/wp\/v2\/comments?post=7689"}],"version-history":[{"count":0,"href":"https:\/\/tvnova.tv.br\/jornalfatonovo\/wp-json\/wp\/v2\/posts\/7689\/revisions"}],"wp:featuredmedia":[{"embeddable":true,"href":"https:\/\/tvnova.tv.br\/jornalfatonovo\/wp-json\/wp\/v2\/media\/7691"}],"wp:attachment":[{"href":"https:\/\/tvnova.tv.br\/jornalfatonovo\/wp-json\/wp\/v2\/media?parent=7689"}],"wp:term":[{"taxonomy":"category","embeddable":true,"href":"https:\/\/tvnova.tv.br\/jornalfatonovo\/wp-json\/wp\/v2\/categories?post=7689"},{"taxonomy":"post_tag","embeddable":true,"href":"https:\/\/tvnova.tv.br\/jornalfatonovo\/wp-json\/wp\/v2\/tags?post=7689"},{"taxonomy":"cores-categorias","embeddable":true,"href":"https:\/\/tvnova.tv.br\/jornalfatonovo\/wp-json\/wp\/v2\/cores-categorias?post=7689"}],"curies":[{"name":"wp","href":"https:\/\/api.w.org\/{rel}","templated":true}]}}