{"id":8895,"date":"2023-07-28T17:05:20","date_gmt":"2023-07-28T20:05:20","guid":{"rendered":"https:\/\/tvnova.tv.br\/jornalfatonovo\/?p=8895"},"modified":"2023-07-28T17:07:38","modified_gmt":"2023-07-28T20:07:38","slug":"policia-militar-desarticula-quadrilha-em-primavera-mata-sul-de-pernambuco","status":"publish","type":"post","link":"https:\/\/tvnova.tv.br\/jornalfatonovo\/policia-militar-desarticula-quadrilha-em-primavera-mata-sul-de-pernambuco\/","title":{"rendered":"Pol\u00edcia Militar desarticula quadrilha em Primavera Mata Sul de Pernambuco"},"content":{"rendered":"<p><span style=\"font-weight: 400\">A pol\u00edcia militar prendeu na manh\u00e3 desta sexta-feira (28), tr\u00eas homens e apreendeu um adolescente, suspeitos de tr\u00e1fico de drogas, roubo de carro e porte ilegal de armas e muni\u00e7\u00f5es. A a\u00e7\u00e3o aconteceu em Primavera, na Mata Sul do Estado.<\/span><\/p>\n<p><span style=\"font-weight: 400\">De acordo com a Pol\u00edcia Militar, ap\u00f3s uma a\u00e7\u00e3o realizada em conjunto com a Pol\u00edcia Civil, os suspeitos foram presos, e com o grupo foram apreendidos um rev\u00f3lver calibre .32 com sete muni\u00e7\u00f5es, sendo duas pinadas, uma espingarda calibre 12, com cinco muni\u00e7\u00f5es, 44 big bigs de maconha, quatro balaclavas, quatro camisas da Pol\u00edcia Civil, um casaco do Ex\u00e9rcito, um tanque de moto Honda Start, R$ 15,00, uma balan\u00e7a de precis\u00e3o, tr\u00eas celulares, um quadro de motocicleta e um ve\u00edculo modelo HB20.<\/span><\/p>\n","protected":false},"excerpt":{"rendered":"<p>A pol\u00edcia militar prendeu na manh\u00e3 desta sexta-feira (28), tr\u00eas homens e apreendeu um adolescente, suspeitos de tr\u00e1fico de drogas, roubo de carro e porte ilegal de armas e muni\u00e7\u00f5es. A a\u00e7\u00e3o aconteceu em Primavera, na Mata Sul do Estado. De acordo com a Pol\u00edcia Militar, ap\u00f3s uma a\u00e7\u00e3o realizada em conjunto com a Pol\u00edcia [&hellip;]<\/p>\n","protected":false},"author":7,"featured_media":8896,"comment_status":"closed","ping_status":"","sticky":false,"template":"","format":"standard","meta":{"footnotes":""},"categories":[273],"tags":[795,622,561,288,307,430],"cores-categorias":[],"class_list":["post-8895","post","type-post","status-publish","format-standard","has-post-thumbnail","hentry","category-policia","tag-criminosos","tag-drogas","tag-interior","tag-pernambuco","tag-policia","tag-prisoes"],"yoast_head":"<!-- This site is optimized with the Yoast SEO plugin v27.2 - https:\/\/yoast.com\/product\/yoast-seo-wordpress\/ -->\n<title>Pol\u00edcia Militar desarticula quadrilha em Primavera Mata Sul de Pernambuco - Jornal Fato Novo<\/title>\n<meta name=\"robots\" content=\"index, follow, max-snippet:-1, max-image-preview:large, max-video-preview:-1\" \/>\n<link rel=\"canonical\" href=\"https:\/\/tvnova.tv.br\/jornalfatonovo\/policia-militar-desarticula-quadrilha-em-primavera-mata-sul-de-pernambuco\/\" \/>\n<meta property=\"og:locale\" content=\"pt_BR\" \/>\n<meta property=\"og:type\" content=\"article\" \/>\n<meta property=\"og:title\" content=\"Pol\u00edcia Militar desarticula quadrilha em Primavera Mata Sul de Pernambuco - Jornal Fato Novo\" \/>\n<meta property=\"og:description\" content=\"A pol\u00edcia militar prendeu na manh\u00e3 desta sexta-feira (28), tr\u00eas homens e apreendeu um adolescente, suspeitos de tr\u00e1fico de drogas, roubo de carro e porte ilegal de armas e muni\u00e7\u00f5es. A a\u00e7\u00e3o aconteceu em Primavera, na Mata Sul do Estado. De acordo com a Pol\u00edcia Militar, ap\u00f3s uma a\u00e7\u00e3o realizada em conjunto com a Pol\u00edcia [&hellip;]\" \/>\n<meta property=\"og:url\" content=\"https:\/\/tvnova.tv.br\/jornalfatonovo\/policia-militar-desarticula-quadrilha-em-primavera-mata-sul-de-pernambuco\/\" \/>\n<meta property=\"og:site_name\" content=\"Jornal Fato Novo\" \/>\n<meta property=\"article:publisher\" content=\"https:\/\/www.facebook.com\/tvnovanordeste\/\" \/>\n<meta property=\"article:published_time\" content=\"2023-07-28T20:05:20+00:00\" \/>\n<meta property=\"article:modified_time\" content=\"2023-07-28T20:07:38+00:00\" \/>\n<meta property=\"og:image\" content=\"https:\/\/tvnova.tv.br\/jornalfatonovo\/wp-content\/uploads\/2023\/07\/site.jpg\" \/>\n\t<meta property=\"og:image:width\" content=\"701\" \/>\n\t<meta property=\"og:image:height\" content=\"402\" \/>\n\t<meta property=\"og:image:type\" content=\"image\/jpeg\" \/>\n<meta name=\"author\" content=\"Charlene Santos\" \/>\n<meta name=\"twitter:card\" content=\"summary_large_image\" \/>\n<meta name=\"twitter:creator\" content=\"@tvnovanordeste\" \/>\n<meta name=\"twitter:site\" content=\"@tvnovanordeste\" \/>\n<meta name=\"twitter:label1\" content=\"Escrito por\" \/>\n\t<meta name=\"twitter:data1\" content=\"Charlene Santos\" \/>\n\t<meta name=\"twitter:label2\" content=\"Est. tempo de leitura\" \/>\n\t<meta name=\"twitter:data2\" content=\"1 minuto\" \/>\n<script type=\"application\/ld+json\" class=\"yoast-schema-graph\">{\"@context\":\"https:\/\/schema.org\",\"@graph\":[{\"@type\":\"Article\",\"@id\":\"https:\/\/tvnova.tv.br\/jornalfatonovo\/policia-militar-desarticula-quadrilha-em-primavera-mata-sul-de-pernambuco\/#article\",\"isPartOf\":{\"@id\":\"https:\/\/tvnova.tv.br\/jornalfatonovo\/policia-militar-desarticula-quadrilha-em-primavera-mata-sul-de-pernambuco\/\"},\"author\":{\"name\":\"Charlene Santos\",\"@id\":\"https:\/\/tvnova.tv.br\/jornalfatonovo\/#\/schema\/person\/719f51f1aacdbfd5c6fdc444c3bcd6ff\"},\"headline\":\"Pol\u00edcia Militar desarticula quadrilha em Primavera Mata Sul de Pernambuco\",\"datePublished\":\"2023-07-28T20:05:20+00:00\",\"dateModified\":\"2023-07-28T20:07:38+00:00\",\"mainEntityOfPage\":{\"@id\":\"https:\/\/tvnova.tv.br\/jornalfatonovo\/policia-militar-desarticula-quadrilha-em-primavera-mata-sul-de-pernambuco\/\"},\"wordCount\":146,\"publisher\":{\"@id\":\"https:\/\/tvnova.tv.br\/jornalfatonovo\/#organization\"},\"image\":{\"@id\":\"https:\/\/tvnova.tv.br\/jornalfatonovo\/policia-militar-desarticula-quadrilha-em-primavera-mata-sul-de-pernambuco\/#primaryimage\"},\"thumbnailUrl\":\"https:\/\/tvnova.tv.br\/jornalfatonovo\/wp-content\/uploads\/2023\/07\/site.jpg\",\"keywords\":[\"Criminosos\",\"Drogas\",\"Interior\",\"Pernambuco\",\"Pol\u00edcia\",\"Pris\u00f5es\"],\"articleSection\":[\"Pol\u00edcia\"],\"inLanguage\":\"pt-BR\"},{\"@type\":\"WebPage\",\"@id\":\"https:\/\/tvnova.tv.br\/jornalfatonovo\/policia-militar-desarticula-quadrilha-em-primavera-mata-sul-de-pernambuco\/\",\"url\":\"https:\/\/tvnova.tv.br\/jornalfatonovo\/policia-militar-desarticula-quadrilha-em-primavera-mata-sul-de-pernambuco\/\",\"name\":\"Pol\u00edcia Militar desarticula quadrilha em Primavera Mata Sul de Pernambuco - Jornal Fato Novo\",\"isPartOf\":{\"@id\":\"https:\/\/tvnova.tv.br\/jornalfatonovo\/#website\"},\"primaryImageOfPage\":{\"@id\":\"https:\/\/tvnova.tv.br\/jornalfatonovo\/policia-militar-desarticula-quadrilha-em-primavera-mata-sul-de-pernambuco\/#primaryimage\"},\"image\":{\"@id\":\"https:\/\/tvnova.tv.br\/jornalfatonovo\/policia-militar-desarticula-quadrilha-em-primavera-mata-sul-de-pernambuco\/#primaryimage\"},\"thumbnailUrl\":\"https:\/\/tvnova.tv.br\/jornalfatonovo\/wp-content\/uploads\/2023\/07\/site.jpg\",\"datePublished\":\"2023-07-28T20:05:20+00:00\",\"dateModified\":\"2023-07-28T20:07:38+00:00\",\"breadcrumb\":{\"@id\":\"https:\/\/tvnova.tv.br\/jornalfatonovo\/policia-militar-desarticula-quadrilha-em-primavera-mata-sul-de-pernambuco\/#breadcrumb\"},\"inLanguage\":\"pt-BR\",\"potentialAction\":[{\"@type\":\"ReadAction\",\"target\":[\"https:\/\/tvnova.tv.br\/jornalfatonovo\/policia-militar-desarticula-quadrilha-em-primavera-mata-sul-de-pernambuco\/\"]}]},{\"@type\":\"ImageObject\",\"inLanguage\":\"pt-BR\",\"@id\":\"https:\/\/tvnova.tv.br\/jornalfatonovo\/policia-militar-desarticula-quadrilha-em-primavera-mata-sul-de-pernambuco\/#primaryimage\",\"url\":\"https:\/\/tvnova.tv.br\/jornalfatonovo\/wp-content\/uploads\/2023\/07\/site.jpg\",\"contentUrl\":\"https:\/\/tvnova.tv.br\/jornalfatonovo\/wp-content\/uploads\/2023\/07\/site.jpg\",\"width\":701,\"height\":402},{\"@type\":\"BreadcrumbList\",\"@id\":\"https:\/\/tvnova.tv.br\/jornalfatonovo\/policia-militar-desarticula-quadrilha-em-primavera-mata-sul-de-pernambuco\/#breadcrumb\",\"itemListElement\":[{\"@type\":\"ListItem\",\"position\":1,\"name\":\"In\u00edcio\",\"item\":\"https:\/\/tvnova.tv.br\/jornalfatonovo\/\"},{\"@type\":\"ListItem\",\"position\":2,\"name\":\"Pol\u00edcia Militar desarticula quadrilha em Primavera Mata Sul de Pernambuco\"}]},{\"@type\":\"WebSite\",\"@id\":\"https:\/\/tvnova.tv.br\/jornalfatonovo\/#website\",\"url\":\"https:\/\/tvnova.tv.br\/jornalfatonovo\/\",\"name\":\"Jornal Fato Novo\",\"description\":\"Acompanhe as not\u00edcias de Pernambuco\",\"publisher\":{\"@id\":\"https:\/\/tvnova.tv.br\/jornalfatonovo\/#organization\"},\"potentialAction\":[{\"@type\":\"SearchAction\",\"target\":{\"@type\":\"EntryPoint\",\"urlTemplate\":\"https:\/\/tvnova.tv.br\/jornalfatonovo\/?s={search_term_string}\"},\"query-input\":{\"@type\":\"PropertyValueSpecification\",\"valueRequired\":true,\"valueName\":\"search_term_string\"}}],\"inLanguage\":\"pt-BR\"},{\"@type\":\"Organization\",\"@id\":\"https:\/\/tvnova.tv.br\/jornalfatonovo\/#organization\",\"name\":\"Jornal Fato Novo\",\"url\":\"https:\/\/tvnova.tv.br\/jornalfatonovo\/\",\"logo\":{\"@type\":\"ImageObject\",\"inLanguage\":\"pt-BR\",\"@id\":\"https:\/\/tvnova.tv.br\/jornalfatonovo\/#\/schema\/logo\/image\/\",\"url\":\"https:\/\/tvnova.tv.br\/jornalfatonovo1\/wp-content\/uploads\/2023\/04\/FATO-NOVO-1.png\",\"contentUrl\":\"https:\/\/tvnova.tv.br\/jornalfatonovo1\/wp-content\/uploads\/2023\/04\/FATO-NOVO-1.png\",\"width\":200,\"height\":60,\"caption\":\"Jornal Fato Novo\"},\"image\":{\"@id\":\"https:\/\/tvnova.tv.br\/jornalfatonovo\/#\/schema\/logo\/image\/\"},\"sameAs\":[\"https:\/\/www.facebook.com\/tvnovanordeste\/\",\"https:\/\/x.com\/tvnovanordeste\",\"https:\/\/www.instagram.com\/jornalfatonovope\/\"]},{\"@type\":\"Person\",\"@id\":\"https:\/\/tvnova.tv.br\/jornalfatonovo\/#\/schema\/person\/719f51f1aacdbfd5c6fdc444c3bcd6ff\",\"name\":\"Charlene Santos\",\"url\":\"https:\/\/tvnova.tv.br\/jornalfatonovo\/author\/charlene\/\"}]}<\/script>\n<!-- \/ Yoast SEO plugin. -->","yoast_head_json":{"title":"Pol\u00edcia Militar desarticula quadrilha em Primavera Mata Sul de Pernambuco - Jornal Fato Novo","robots":{"index":"index","follow":"follow","max-snippet":"max-snippet:-1","max-image-preview":"max-image-preview:large","max-video-preview":"max-video-preview:-1"},"canonical":"https:\/\/tvnova.tv.br\/jornalfatonovo\/policia-militar-desarticula-quadrilha-em-primavera-mata-sul-de-pernambuco\/","og_locale":"pt_BR","og_type":"article","og_title":"Pol\u00edcia Militar desarticula quadrilha em Primavera Mata Sul de Pernambuco - Jornal Fato Novo","og_description":"A pol\u00edcia militar prendeu na manh\u00e3 desta sexta-feira (28), tr\u00eas homens e apreendeu um adolescente, suspeitos de tr\u00e1fico de drogas, roubo de carro e porte ilegal de armas e muni\u00e7\u00f5es. A a\u00e7\u00e3o aconteceu em Primavera, na Mata Sul do Estado. De acordo com a Pol\u00edcia Militar, ap\u00f3s uma a\u00e7\u00e3o realizada em conjunto com a Pol\u00edcia [&hellip;]","og_url":"https:\/\/tvnova.tv.br\/jornalfatonovo\/policia-militar-desarticula-quadrilha-em-primavera-mata-sul-de-pernambuco\/","og_site_name":"Jornal Fato Novo","article_publisher":"https:\/\/www.facebook.com\/tvnovanordeste\/","article_published_time":"2023-07-28T20:05:20+00:00","article_modified_time":"2023-07-28T20:07:38+00:00","og_image":[{"width":701,"height":402,"url":"https:\/\/tvnova.tv.br\/jornalfatonovo\/wp-content\/uploads\/2023\/07\/site.jpg","type":"image\/jpeg"}],"author":"Charlene Santos","twitter_card":"summary_large_image","twitter_creator":"@tvnovanordeste","twitter_site":"@tvnovanordeste","twitter_misc":{"Escrito por":"Charlene Santos","Est. tempo de leitura":"1 minuto"},"schema":{"@context":"https:\/\/schema.org","@graph":[{"@type":"Article","@id":"https:\/\/tvnova.tv.br\/jornalfatonovo\/policia-militar-desarticula-quadrilha-em-primavera-mata-sul-de-pernambuco\/#article","isPartOf":{"@id":"https:\/\/tvnova.tv.br\/jornalfatonovo\/policia-militar-desarticula-quadrilha-em-primavera-mata-sul-de-pernambuco\/"},"author":{"name":"Charlene Santos","@id":"https:\/\/tvnova.tv.br\/jornalfatonovo\/#\/schema\/person\/719f51f1aacdbfd5c6fdc444c3bcd6ff"},"headline":"Pol\u00edcia Militar desarticula quadrilha em Primavera Mata Sul de Pernambuco","datePublished":"2023-07-28T20:05:20+00:00","dateModified":"2023-07-28T20:07:38+00:00","mainEntityOfPage":{"@id":"https:\/\/tvnova.tv.br\/jornalfatonovo\/policia-militar-desarticula-quadrilha-em-primavera-mata-sul-de-pernambuco\/"},"wordCount":146,"publisher":{"@id":"https:\/\/tvnova.tv.br\/jornalfatonovo\/#organization"},"image":{"@id":"https:\/\/tvnova.tv.br\/jornalfatonovo\/policia-militar-desarticula-quadrilha-em-primavera-mata-sul-de-pernambuco\/#primaryimage"},"thumbnailUrl":"https:\/\/tvnova.tv.br\/jornalfatonovo\/wp-content\/uploads\/2023\/07\/site.jpg","keywords":["Criminosos","Drogas","Interior","Pernambuco","Pol\u00edcia","Pris\u00f5es"],"articleSection":["Pol\u00edcia"],"inLanguage":"pt-BR"},{"@type":"WebPage","@id":"https:\/\/tvnova.tv.br\/jornalfatonovo\/policia-militar-desarticula-quadrilha-em-primavera-mata-sul-de-pernambuco\/","url":"https:\/\/tvnova.tv.br\/jornalfatonovo\/policia-militar-desarticula-quadrilha-em-primavera-mata-sul-de-pernambuco\/","name":"Pol\u00edcia Militar desarticula quadrilha em Primavera Mata Sul de Pernambuco - Jornal Fato Novo","isPartOf":{"@id":"https:\/\/tvnova.tv.br\/jornalfatonovo\/#website"},"primaryImageOfPage":{"@id":"https:\/\/tvnova.tv.br\/jornalfatonovo\/policia-militar-desarticula-quadrilha-em-primavera-mata-sul-de-pernambuco\/#primaryimage"},"image":{"@id":"https:\/\/tvnova.tv.br\/jornalfatonovo\/policia-militar-desarticula-quadrilha-em-primavera-mata-sul-de-pernambuco\/#primaryimage"},"thumbnailUrl":"https:\/\/tvnova.tv.br\/jornalfatonovo\/wp-content\/uploads\/2023\/07\/site.jpg","datePublished":"2023-07-28T20:05:20+00:00","dateModified":"2023-07-28T20:07:38+00:00","breadcrumb":{"@id":"https:\/\/tvnova.tv.br\/jornalfatonovo\/policia-militar-desarticula-quadrilha-em-primavera-mata-sul-de-pernambuco\/#breadcrumb"},"inLanguage":"pt-BR","potentialAction":[{"@type":"ReadAction","target":["https:\/\/tvnova.tv.br\/jornalfatonovo\/policia-militar-desarticula-quadrilha-em-primavera-mata-sul-de-pernambuco\/"]}]},{"@type":"ImageObject","inLanguage":"pt-BR","@id":"https:\/\/tvnova.tv.br\/jornalfatonovo\/policia-militar-desarticula-quadrilha-em-primavera-mata-sul-de-pernambuco\/#primaryimage","url":"https:\/\/tvnova.tv.br\/jornalfatonovo\/wp-content\/uploads\/2023\/07\/site.jpg","contentUrl":"https:\/\/tvnova.tv.br\/jornalfatonovo\/wp-content\/uploads\/2023\/07\/site.jpg","width":701,"height":402},{"@type":"BreadcrumbList","@id":"https:\/\/tvnova.tv.br\/jornalfatonovo\/policia-militar-desarticula-quadrilha-em-primavera-mata-sul-de-pernambuco\/#breadcrumb","itemListElement":[{"@type":"ListItem","position":1,"name":"In\u00edcio","item":"https:\/\/tvnova.tv.br\/jornalfatonovo\/"},{"@type":"ListItem","position":2,"name":"Pol\u00edcia Militar desarticula quadrilha em Primavera Mata Sul de Pernambuco"}]},{"@type":"WebSite","@id":"https:\/\/tvnova.tv.br\/jornalfatonovo\/#website","url":"https:\/\/tvnova.tv.br\/jornalfatonovo\/","name":"Jornal Fato Novo","description":"Acompanhe as not\u00edcias de Pernambuco","publisher":{"@id":"https:\/\/tvnova.tv.br\/jornalfatonovo\/#organization"},"potentialAction":[{"@type":"SearchAction","target":{"@type":"EntryPoint","urlTemplate":"https:\/\/tvnova.tv.br\/jornalfatonovo\/?s={search_term_string}"},"query-input":{"@type":"PropertyValueSpecification","valueRequired":true,"valueName":"search_term_string"}}],"inLanguage":"pt-BR"},{"@type":"Organization","@id":"https:\/\/tvnova.tv.br\/jornalfatonovo\/#organization","name":"Jornal Fato Novo","url":"https:\/\/tvnova.tv.br\/jornalfatonovo\/","logo":{"@type":"ImageObject","inLanguage":"pt-BR","@id":"https:\/\/tvnova.tv.br\/jornalfatonovo\/#\/schema\/logo\/image\/","url":"https:\/\/tvnova.tv.br\/jornalfatonovo1\/wp-content\/uploads\/2023\/04\/FATO-NOVO-1.png","contentUrl":"https:\/\/tvnova.tv.br\/jornalfatonovo1\/wp-content\/uploads\/2023\/04\/FATO-NOVO-1.png","width":200,"height":60,"caption":"Jornal Fato Novo"},"image":{"@id":"https:\/\/tvnova.tv.br\/jornalfatonovo\/#\/schema\/logo\/image\/"},"sameAs":["https:\/\/www.facebook.com\/tvnovanordeste\/","https:\/\/x.com\/tvnovanordeste","https:\/\/www.instagram.com\/jornalfatonovope\/"]},{"@type":"Person","@id":"https:\/\/tvnova.tv.br\/jornalfatonovo\/#\/schema\/person\/719f51f1aacdbfd5c6fdc444c3bcd6ff","name":"Charlene Santos","url":"https:\/\/tvnova.tv.br\/jornalfatonovo\/author\/charlene\/"}]}},"_links":{"self":[{"href":"https:\/\/tvnova.tv.br\/jornalfatonovo\/wp-json\/wp\/v2\/posts\/8895","targetHints":{"allow":["GET"]}}],"collection":[{"href":"https:\/\/tvnova.tv.br\/jornalfatonovo\/wp-json\/wp\/v2\/posts"}],"about":[{"href":"https:\/\/tvnova.tv.br\/jornalfatonovo\/wp-json\/wp\/v2\/types\/post"}],"author":[{"embeddable":true,"href":"https:\/\/tvnova.tv.br\/jornalfatonovo\/wp-json\/wp\/v2\/users\/7"}],"replies":[{"embeddable":true,"href":"https:\/\/tvnova.tv.br\/jornalfatonovo\/wp-json\/wp\/v2\/comments?post=8895"}],"version-history":[{"count":0,"href":"https:\/\/tvnova.tv.br\/jornalfatonovo\/wp-json\/wp\/v2\/posts\/8895\/revisions"}],"wp:featuredmedia":[{"embeddable":true,"href":"https:\/\/tvnova.tv.br\/jornalfatonovo\/wp-json\/wp\/v2\/media\/8896"}],"wp:attachment":[{"href":"https:\/\/tvnova.tv.br\/jornalfatonovo\/wp-json\/wp\/v2\/media?parent=8895"}],"wp:term":[{"taxonomy":"category","embeddable":true,"href":"https:\/\/tvnova.tv.br\/jornalfatonovo\/wp-json\/wp\/v2\/categories?post=8895"},{"taxonomy":"post_tag","embeddable":true,"href":"https:\/\/tvnova.tv.br\/jornalfatonovo\/wp-json\/wp\/v2\/tags?post=8895"},{"taxonomy":"cores-categorias","embeddable":true,"href":"https:\/\/tvnova.tv.br\/jornalfatonovo\/wp-json\/wp\/v2\/cores-categorias?post=8895"}],"curies":[{"name":"wp","href":"https:\/\/api.w.org\/{rel}","templated":true}]}}