{"id":8903,"date":"2023-07-28T19:46:48","date_gmt":"2023-07-28T22:46:48","guid":{"rendered":"https:\/\/tvnova.tv.br\/jornalfatonovo\/?p=8903"},"modified":"2023-07-29T09:22:40","modified_gmt":"2023-07-29T12:22:40","slug":"paulista-celebra-dia-da-mulher-negra-latino-americana-e-caribenha-com-vasta-programacao","status":"publish","type":"post","link":"https:\/\/tvnova.tv.br\/jornalfatonovo\/paulista-celebra-dia-da-mulher-negra-latino-americana-e-caribenha-com-vasta-programacao\/","title":{"rendered":"Paulista celebra Dia da Mulher Negra, Latino-Americana e Caribenha com vasta programa\u00e7\u00e3o"},"content":{"rendered":"<p><span style=\"font-weight: 400\">Nesta sexta-feira (28), a Secretaria de Pol\u00edticas Sociais e Direitos Humanos do Paulista, promoveu a\u00e7\u00f5es alusivas ao Dia da Mulher Negra, Latino-Americana e Caribenha, que foi celebrado oficialmente na ter\u00e7a (25). O evento, que aconteceu no Clube Municipal do Nobre, contou com servi\u00e7os de sa\u00fade, como auriculoterapia e aplica\u00e7\u00e3o de ventosas, al\u00e9m de a\u00e7\u00f5es de cidadania, educa\u00e7\u00e3o, beleza, gastronomia, atra\u00e7\u00f5es culturais e empreendedorismo para as mulheres negras. O objetivo da iniciativa foi o combate ao racismo estrutural e a exalta\u00e7\u00e3o do papel e protagonismo da mulher no munic\u00edpio.<\/span><\/p>\n<p><span style=\"font-weight: 400\">Segundo a diretora de Promo\u00e7\u00e3o da Igualdade Racial, Nath\u00e1lia Bringel, o evento alertou para o enfrentamento ao feminic\u00eddio e ao preconceito racial. \u201cPor causa da discrimina\u00e7\u00e3o pela cor da pele e origem, muitas mulheres em nosso pa\u00eds s\u00e3o vitimas dessa triste realidade\u201d, disse Nath\u00e1lia. A celebra\u00e7\u00e3o contou com o apoio e participa\u00e7\u00e3o do Conselho Municipal de Igualdade Racial, que escolheu mulheres negras representantes de v\u00e1rios setores da cidade, para serem homenageadas, como por exemplo as trancistas, que s\u00e3o uma refer\u00eancia cultural afro-latino-americana.<\/span><\/p>\n<p><span style=\"font-weight: 400\">A grafiteira, Nath\u00ea Ferreira, de 28 anos, moradora do bairro de Nossa Senhora do \u00d3, falou sobre a import\u00e2ncia de homenagear as mulheres. &#8220;Precisamos informar a sociedade sobre a import\u00e2ncia do dia 25 de julho como refer\u00eancia de resist\u00eancia e combate ao racismo. Devemos homenagear as mulheres negras e latinas da Am\u00e9rica. A Prefeitura do Paulista est\u00e1 de parab\u00e9ns por difundir nossa cultura. Isso nos legitima porque n\u00f3s constru\u00edmos a cidade\u00a0 e pertencemos a ela\u201d, ressaltou. <\/span><\/p>\n","protected":false},"excerpt":{"rendered":"<p>Nesta sexta-feira (28), a Secretaria de Pol\u00edticas Sociais e Direitos Humanos do Paulista, promoveu a\u00e7\u00f5es alusivas ao Dia da Mulher Negra, Latino-Americana e Caribenha, que foi celebrado oficialmente na ter\u00e7a (25). O evento, que aconteceu no Clube Municipal do Nobre, contou com servi\u00e7os de sa\u00fade, como auriculoterapia e aplica\u00e7\u00e3o de ventosas, al\u00e9m de a\u00e7\u00f5es de [&hellip;]<\/p>\n","protected":false},"author":6,"featured_media":8905,"comment_status":"closed","ping_status":"","sticky":false,"template":"","format":"standard","meta":{"footnotes":""},"categories":[1],"tags":[1259,1260,357],"cores-categorias":[],"class_list":["post-8903","post","type-post","status-publish","format-standard","has-post-thumbnail","hentry","category-cidades","tag-acoes","tag-dia-da-mulher-latino-americana-e-caribenha","tag-paulista"],"yoast_head":"<!-- This site is optimized with the Yoast SEO plugin v27.2 - https:\/\/yoast.com\/product\/yoast-seo-wordpress\/ -->\n<title>Paulista celebra Dia da Mulher Negra, Latino-Americana e Caribenha com vasta programa\u00e7\u00e3o - Jornal Fato Novo<\/title>\n<meta name=\"robots\" content=\"index, follow, max-snippet:-1, max-image-preview:large, max-video-preview:-1\" \/>\n<link rel=\"canonical\" href=\"https:\/\/tvnova.tv.br\/jornalfatonovo\/paulista-celebra-dia-da-mulher-negra-latino-americana-e-caribenha-com-vasta-programacao\/\" \/>\n<meta property=\"og:locale\" content=\"pt_BR\" \/>\n<meta property=\"og:type\" content=\"article\" \/>\n<meta property=\"og:title\" content=\"Paulista celebra Dia da Mulher Negra, Latino-Americana e Caribenha com vasta programa\u00e7\u00e3o - Jornal Fato Novo\" \/>\n<meta property=\"og:description\" content=\"Nesta sexta-feira (28), a Secretaria de Pol\u00edticas Sociais e Direitos Humanos do Paulista, promoveu a\u00e7\u00f5es alusivas ao Dia da Mulher Negra, Latino-Americana e Caribenha, que foi celebrado oficialmente na ter\u00e7a (25). O evento, que aconteceu no Clube Municipal do Nobre, contou com servi\u00e7os de sa\u00fade, como auriculoterapia e aplica\u00e7\u00e3o de ventosas, al\u00e9m de a\u00e7\u00f5es de [&hellip;]\" \/>\n<meta property=\"og:url\" content=\"https:\/\/tvnova.tv.br\/jornalfatonovo\/paulista-celebra-dia-da-mulher-negra-latino-americana-e-caribenha-com-vasta-programacao\/\" \/>\n<meta property=\"og:site_name\" content=\"Jornal Fato Novo\" \/>\n<meta property=\"article:publisher\" content=\"https:\/\/www.facebook.com\/tvnovanordeste\/\" \/>\n<meta property=\"article:published_time\" content=\"2023-07-28T22:46:48+00:00\" \/>\n<meta property=\"article:modified_time\" content=\"2023-07-29T12:22:40+00:00\" \/>\n<meta property=\"og:image\" content=\"https:\/\/tvnova.tv.br\/jornalfatonovo\/wp-content\/uploads\/2023\/07\/WhatsApp-Image-2023-07-28-at-17.34.20-1.jpeg\" \/>\n\t<meta property=\"og:image:width\" content=\"1280\" \/>\n\t<meta property=\"og:image:height\" content=\"720\" \/>\n\t<meta property=\"og:image:type\" content=\"image\/jpeg\" \/>\n<meta name=\"author\" content=\"Victoria Campos\" \/>\n<meta name=\"twitter:card\" content=\"summary_large_image\" \/>\n<meta name=\"twitter:creator\" content=\"@tvnovanordeste\" \/>\n<meta name=\"twitter:site\" content=\"@tvnovanordeste\" \/>\n<meta name=\"twitter:label1\" content=\"Escrito por\" \/>\n\t<meta name=\"twitter:data1\" content=\"Victoria Campos\" \/>\n\t<meta name=\"twitter:label2\" content=\"Est. tempo de leitura\" \/>\n\t<meta name=\"twitter:data2\" content=\"1 minuto\" \/>\n<script type=\"application\/ld+json\" class=\"yoast-schema-graph\">{\"@context\":\"https:\/\/schema.org\",\"@graph\":[{\"@type\":\"Article\",\"@id\":\"https:\/\/tvnova.tv.br\/jornalfatonovo\/paulista-celebra-dia-da-mulher-negra-latino-americana-e-caribenha-com-vasta-programacao\/#article\",\"isPartOf\":{\"@id\":\"https:\/\/tvnova.tv.br\/jornalfatonovo\/paulista-celebra-dia-da-mulher-negra-latino-americana-e-caribenha-com-vasta-programacao\/\"},\"author\":{\"name\":\"Victoria Campos\",\"@id\":\"https:\/\/tvnova.tv.br\/jornalfatonovo\/#\/schema\/person\/91ba9daadb7e96d3cbe5e1b84619be88\"},\"headline\":\"Paulista celebra Dia da Mulher Negra, Latino-Americana e Caribenha com vasta programa\u00e7\u00e3o\",\"datePublished\":\"2023-07-28T22:46:48+00:00\",\"dateModified\":\"2023-07-29T12:22:40+00:00\",\"mainEntityOfPage\":{\"@id\":\"https:\/\/tvnova.tv.br\/jornalfatonovo\/paulista-celebra-dia-da-mulher-negra-latino-americana-e-caribenha-com-vasta-programacao\/\"},\"wordCount\":286,\"publisher\":{\"@id\":\"https:\/\/tvnova.tv.br\/jornalfatonovo\/#organization\"},\"image\":{\"@id\":\"https:\/\/tvnova.tv.br\/jornalfatonovo\/paulista-celebra-dia-da-mulher-negra-latino-americana-e-caribenha-com-vasta-programacao\/#primaryimage\"},\"thumbnailUrl\":\"https:\/\/tvnova.tv.br\/jornalfatonovo\/wp-content\/uploads\/2023\/07\/WhatsApp-Image-2023-07-28-at-17.34.20-1.jpeg\",\"keywords\":[\"A\u00e7\u00f5es\",\"Dia da Mulher Latino-Americana e Caribenha\",\"Paulista\"],\"articleSection\":[\"Cidades\"],\"inLanguage\":\"pt-BR\"},{\"@type\":\"WebPage\",\"@id\":\"https:\/\/tvnova.tv.br\/jornalfatonovo\/paulista-celebra-dia-da-mulher-negra-latino-americana-e-caribenha-com-vasta-programacao\/\",\"url\":\"https:\/\/tvnova.tv.br\/jornalfatonovo\/paulista-celebra-dia-da-mulher-negra-latino-americana-e-caribenha-com-vasta-programacao\/\",\"name\":\"Paulista celebra Dia da Mulher Negra, Latino-Americana e Caribenha com vasta programa\u00e7\u00e3o - Jornal Fato Novo\",\"isPartOf\":{\"@id\":\"https:\/\/tvnova.tv.br\/jornalfatonovo\/#website\"},\"primaryImageOfPage\":{\"@id\":\"https:\/\/tvnova.tv.br\/jornalfatonovo\/paulista-celebra-dia-da-mulher-negra-latino-americana-e-caribenha-com-vasta-programacao\/#primaryimage\"},\"image\":{\"@id\":\"https:\/\/tvnova.tv.br\/jornalfatonovo\/paulista-celebra-dia-da-mulher-negra-latino-americana-e-caribenha-com-vasta-programacao\/#primaryimage\"},\"thumbnailUrl\":\"https:\/\/tvnova.tv.br\/jornalfatonovo\/wp-content\/uploads\/2023\/07\/WhatsApp-Image-2023-07-28-at-17.34.20-1.jpeg\",\"datePublished\":\"2023-07-28T22:46:48+00:00\",\"dateModified\":\"2023-07-29T12:22:40+00:00\",\"breadcrumb\":{\"@id\":\"https:\/\/tvnova.tv.br\/jornalfatonovo\/paulista-celebra-dia-da-mulher-negra-latino-americana-e-caribenha-com-vasta-programacao\/#breadcrumb\"},\"inLanguage\":\"pt-BR\",\"potentialAction\":[{\"@type\":\"ReadAction\",\"target\":[\"https:\/\/tvnova.tv.br\/jornalfatonovo\/paulista-celebra-dia-da-mulher-negra-latino-americana-e-caribenha-com-vasta-programacao\/\"]}]},{\"@type\":\"ImageObject\",\"inLanguage\":\"pt-BR\",\"@id\":\"https:\/\/tvnova.tv.br\/jornalfatonovo\/paulista-celebra-dia-da-mulher-negra-latino-americana-e-caribenha-com-vasta-programacao\/#primaryimage\",\"url\":\"https:\/\/tvnova.tv.br\/jornalfatonovo\/wp-content\/uploads\/2023\/07\/WhatsApp-Image-2023-07-28-at-17.34.20-1.jpeg\",\"contentUrl\":\"https:\/\/tvnova.tv.br\/jornalfatonovo\/wp-content\/uploads\/2023\/07\/WhatsApp-Image-2023-07-28-at-17.34.20-1.jpeg\",\"width\":1280,\"height\":720},{\"@type\":\"BreadcrumbList\",\"@id\":\"https:\/\/tvnova.tv.br\/jornalfatonovo\/paulista-celebra-dia-da-mulher-negra-latino-americana-e-caribenha-com-vasta-programacao\/#breadcrumb\",\"itemListElement\":[{\"@type\":\"ListItem\",\"position\":1,\"name\":\"In\u00edcio\",\"item\":\"https:\/\/tvnova.tv.br\/jornalfatonovo\/\"},{\"@type\":\"ListItem\",\"position\":2,\"name\":\"Paulista celebra Dia da Mulher Negra, Latino-Americana e Caribenha com vasta programa\u00e7\u00e3o\"}]},{\"@type\":\"WebSite\",\"@id\":\"https:\/\/tvnova.tv.br\/jornalfatonovo\/#website\",\"url\":\"https:\/\/tvnova.tv.br\/jornalfatonovo\/\",\"name\":\"Jornal Fato Novo\",\"description\":\"Acompanhe as not\u00edcias de Pernambuco\",\"publisher\":{\"@id\":\"https:\/\/tvnova.tv.br\/jornalfatonovo\/#organization\"},\"potentialAction\":[{\"@type\":\"SearchAction\",\"target\":{\"@type\":\"EntryPoint\",\"urlTemplate\":\"https:\/\/tvnova.tv.br\/jornalfatonovo\/?s={search_term_string}\"},\"query-input\":{\"@type\":\"PropertyValueSpecification\",\"valueRequired\":true,\"valueName\":\"search_term_string\"}}],\"inLanguage\":\"pt-BR\"},{\"@type\":\"Organization\",\"@id\":\"https:\/\/tvnova.tv.br\/jornalfatonovo\/#organization\",\"name\":\"Jornal Fato Novo\",\"url\":\"https:\/\/tvnova.tv.br\/jornalfatonovo\/\",\"logo\":{\"@type\":\"ImageObject\",\"inLanguage\":\"pt-BR\",\"@id\":\"https:\/\/tvnova.tv.br\/jornalfatonovo\/#\/schema\/logo\/image\/\",\"url\":\"https:\/\/tvnova.tv.br\/jornalfatonovo1\/wp-content\/uploads\/2023\/04\/FATO-NOVO-1.png\",\"contentUrl\":\"https:\/\/tvnova.tv.br\/jornalfatonovo1\/wp-content\/uploads\/2023\/04\/FATO-NOVO-1.png\",\"width\":200,\"height\":60,\"caption\":\"Jornal Fato Novo\"},\"image\":{\"@id\":\"https:\/\/tvnova.tv.br\/jornalfatonovo\/#\/schema\/logo\/image\/\"},\"sameAs\":[\"https:\/\/www.facebook.com\/tvnovanordeste\/\",\"https:\/\/x.com\/tvnovanordeste\",\"https:\/\/www.instagram.com\/jornalfatonovope\/\"]},{\"@type\":\"Person\",\"@id\":\"https:\/\/tvnova.tv.br\/jornalfatonovo\/#\/schema\/person\/91ba9daadb7e96d3cbe5e1b84619be88\",\"name\":\"Victoria Campos\",\"url\":\"https:\/\/tvnova.tv.br\/jornalfatonovo\/author\/victoria\/\"}]}<\/script>\n<!-- \/ Yoast SEO plugin. -->","yoast_head_json":{"title":"Paulista celebra Dia da Mulher Negra, Latino-Americana e Caribenha com vasta programa\u00e7\u00e3o - Jornal Fato Novo","robots":{"index":"index","follow":"follow","max-snippet":"max-snippet:-1","max-image-preview":"max-image-preview:large","max-video-preview":"max-video-preview:-1"},"canonical":"https:\/\/tvnova.tv.br\/jornalfatonovo\/paulista-celebra-dia-da-mulher-negra-latino-americana-e-caribenha-com-vasta-programacao\/","og_locale":"pt_BR","og_type":"article","og_title":"Paulista celebra Dia da Mulher Negra, Latino-Americana e Caribenha com vasta programa\u00e7\u00e3o - Jornal Fato Novo","og_description":"Nesta sexta-feira (28), a Secretaria de Pol\u00edticas Sociais e Direitos Humanos do Paulista, promoveu a\u00e7\u00f5es alusivas ao Dia da Mulher Negra, Latino-Americana e Caribenha, que foi celebrado oficialmente na ter\u00e7a (25). O evento, que aconteceu no Clube Municipal do Nobre, contou com servi\u00e7os de sa\u00fade, como auriculoterapia e aplica\u00e7\u00e3o de ventosas, al\u00e9m de a\u00e7\u00f5es de [&hellip;]","og_url":"https:\/\/tvnova.tv.br\/jornalfatonovo\/paulista-celebra-dia-da-mulher-negra-latino-americana-e-caribenha-com-vasta-programacao\/","og_site_name":"Jornal Fato Novo","article_publisher":"https:\/\/www.facebook.com\/tvnovanordeste\/","article_published_time":"2023-07-28T22:46:48+00:00","article_modified_time":"2023-07-29T12:22:40+00:00","og_image":[{"width":1280,"height":720,"url":"https:\/\/tvnova.tv.br\/jornalfatonovo\/wp-content\/uploads\/2023\/07\/WhatsApp-Image-2023-07-28-at-17.34.20-1.jpeg","type":"image\/jpeg"}],"author":"Victoria Campos","twitter_card":"summary_large_image","twitter_creator":"@tvnovanordeste","twitter_site":"@tvnovanordeste","twitter_misc":{"Escrito por":"Victoria Campos","Est. tempo de leitura":"1 minuto"},"schema":{"@context":"https:\/\/schema.org","@graph":[{"@type":"Article","@id":"https:\/\/tvnova.tv.br\/jornalfatonovo\/paulista-celebra-dia-da-mulher-negra-latino-americana-e-caribenha-com-vasta-programacao\/#article","isPartOf":{"@id":"https:\/\/tvnova.tv.br\/jornalfatonovo\/paulista-celebra-dia-da-mulher-negra-latino-americana-e-caribenha-com-vasta-programacao\/"},"author":{"name":"Victoria Campos","@id":"https:\/\/tvnova.tv.br\/jornalfatonovo\/#\/schema\/person\/91ba9daadb7e96d3cbe5e1b84619be88"},"headline":"Paulista celebra Dia da Mulher Negra, Latino-Americana e Caribenha com vasta programa\u00e7\u00e3o","datePublished":"2023-07-28T22:46:48+00:00","dateModified":"2023-07-29T12:22:40+00:00","mainEntityOfPage":{"@id":"https:\/\/tvnova.tv.br\/jornalfatonovo\/paulista-celebra-dia-da-mulher-negra-latino-americana-e-caribenha-com-vasta-programacao\/"},"wordCount":286,"publisher":{"@id":"https:\/\/tvnova.tv.br\/jornalfatonovo\/#organization"},"image":{"@id":"https:\/\/tvnova.tv.br\/jornalfatonovo\/paulista-celebra-dia-da-mulher-negra-latino-americana-e-caribenha-com-vasta-programacao\/#primaryimage"},"thumbnailUrl":"https:\/\/tvnova.tv.br\/jornalfatonovo\/wp-content\/uploads\/2023\/07\/WhatsApp-Image-2023-07-28-at-17.34.20-1.jpeg","keywords":["A\u00e7\u00f5es","Dia da Mulher Latino-Americana e Caribenha","Paulista"],"articleSection":["Cidades"],"inLanguage":"pt-BR"},{"@type":"WebPage","@id":"https:\/\/tvnova.tv.br\/jornalfatonovo\/paulista-celebra-dia-da-mulher-negra-latino-americana-e-caribenha-com-vasta-programacao\/","url":"https:\/\/tvnova.tv.br\/jornalfatonovo\/paulista-celebra-dia-da-mulher-negra-latino-americana-e-caribenha-com-vasta-programacao\/","name":"Paulista celebra Dia da Mulher Negra, Latino-Americana e Caribenha com vasta programa\u00e7\u00e3o - Jornal Fato Novo","isPartOf":{"@id":"https:\/\/tvnova.tv.br\/jornalfatonovo\/#website"},"primaryImageOfPage":{"@id":"https:\/\/tvnova.tv.br\/jornalfatonovo\/paulista-celebra-dia-da-mulher-negra-latino-americana-e-caribenha-com-vasta-programacao\/#primaryimage"},"image":{"@id":"https:\/\/tvnova.tv.br\/jornalfatonovo\/paulista-celebra-dia-da-mulher-negra-latino-americana-e-caribenha-com-vasta-programacao\/#primaryimage"},"thumbnailUrl":"https:\/\/tvnova.tv.br\/jornalfatonovo\/wp-content\/uploads\/2023\/07\/WhatsApp-Image-2023-07-28-at-17.34.20-1.jpeg","datePublished":"2023-07-28T22:46:48+00:00","dateModified":"2023-07-29T12:22:40+00:00","breadcrumb":{"@id":"https:\/\/tvnova.tv.br\/jornalfatonovo\/paulista-celebra-dia-da-mulher-negra-latino-americana-e-caribenha-com-vasta-programacao\/#breadcrumb"},"inLanguage":"pt-BR","potentialAction":[{"@type":"ReadAction","target":["https:\/\/tvnova.tv.br\/jornalfatonovo\/paulista-celebra-dia-da-mulher-negra-latino-americana-e-caribenha-com-vasta-programacao\/"]}]},{"@type":"ImageObject","inLanguage":"pt-BR","@id":"https:\/\/tvnova.tv.br\/jornalfatonovo\/paulista-celebra-dia-da-mulher-negra-latino-americana-e-caribenha-com-vasta-programacao\/#primaryimage","url":"https:\/\/tvnova.tv.br\/jornalfatonovo\/wp-content\/uploads\/2023\/07\/WhatsApp-Image-2023-07-28-at-17.34.20-1.jpeg","contentUrl":"https:\/\/tvnova.tv.br\/jornalfatonovo\/wp-content\/uploads\/2023\/07\/WhatsApp-Image-2023-07-28-at-17.34.20-1.jpeg","width":1280,"height":720},{"@type":"BreadcrumbList","@id":"https:\/\/tvnova.tv.br\/jornalfatonovo\/paulista-celebra-dia-da-mulher-negra-latino-americana-e-caribenha-com-vasta-programacao\/#breadcrumb","itemListElement":[{"@type":"ListItem","position":1,"name":"In\u00edcio","item":"https:\/\/tvnova.tv.br\/jornalfatonovo\/"},{"@type":"ListItem","position":2,"name":"Paulista celebra Dia da Mulher Negra, Latino-Americana e Caribenha com vasta programa\u00e7\u00e3o"}]},{"@type":"WebSite","@id":"https:\/\/tvnova.tv.br\/jornalfatonovo\/#website","url":"https:\/\/tvnova.tv.br\/jornalfatonovo\/","name":"Jornal Fato Novo","description":"Acompanhe as not\u00edcias de Pernambuco","publisher":{"@id":"https:\/\/tvnova.tv.br\/jornalfatonovo\/#organization"},"potentialAction":[{"@type":"SearchAction","target":{"@type":"EntryPoint","urlTemplate":"https:\/\/tvnova.tv.br\/jornalfatonovo\/?s={search_term_string}"},"query-input":{"@type":"PropertyValueSpecification","valueRequired":true,"valueName":"search_term_string"}}],"inLanguage":"pt-BR"},{"@type":"Organization","@id":"https:\/\/tvnova.tv.br\/jornalfatonovo\/#organization","name":"Jornal Fato Novo","url":"https:\/\/tvnova.tv.br\/jornalfatonovo\/","logo":{"@type":"ImageObject","inLanguage":"pt-BR","@id":"https:\/\/tvnova.tv.br\/jornalfatonovo\/#\/schema\/logo\/image\/","url":"https:\/\/tvnova.tv.br\/jornalfatonovo1\/wp-content\/uploads\/2023\/04\/FATO-NOVO-1.png","contentUrl":"https:\/\/tvnova.tv.br\/jornalfatonovo1\/wp-content\/uploads\/2023\/04\/FATO-NOVO-1.png","width":200,"height":60,"caption":"Jornal Fato Novo"},"image":{"@id":"https:\/\/tvnova.tv.br\/jornalfatonovo\/#\/schema\/logo\/image\/"},"sameAs":["https:\/\/www.facebook.com\/tvnovanordeste\/","https:\/\/x.com\/tvnovanordeste","https:\/\/www.instagram.com\/jornalfatonovope\/"]},{"@type":"Person","@id":"https:\/\/tvnova.tv.br\/jornalfatonovo\/#\/schema\/person\/91ba9daadb7e96d3cbe5e1b84619be88","name":"Victoria Campos","url":"https:\/\/tvnova.tv.br\/jornalfatonovo\/author\/victoria\/"}]}},"_links":{"self":[{"href":"https:\/\/tvnova.tv.br\/jornalfatonovo\/wp-json\/wp\/v2\/posts\/8903","targetHints":{"allow":["GET"]}}],"collection":[{"href":"https:\/\/tvnova.tv.br\/jornalfatonovo\/wp-json\/wp\/v2\/posts"}],"about":[{"href":"https:\/\/tvnova.tv.br\/jornalfatonovo\/wp-json\/wp\/v2\/types\/post"}],"author":[{"embeddable":true,"href":"https:\/\/tvnova.tv.br\/jornalfatonovo\/wp-json\/wp\/v2\/users\/6"}],"replies":[{"embeddable":true,"href":"https:\/\/tvnova.tv.br\/jornalfatonovo\/wp-json\/wp\/v2\/comments?post=8903"}],"version-history":[{"count":0,"href":"https:\/\/tvnova.tv.br\/jornalfatonovo\/wp-json\/wp\/v2\/posts\/8903\/revisions"}],"wp:featuredmedia":[{"embeddable":true,"href":"https:\/\/tvnova.tv.br\/jornalfatonovo\/wp-json\/wp\/v2\/media\/8905"}],"wp:attachment":[{"href":"https:\/\/tvnova.tv.br\/jornalfatonovo\/wp-json\/wp\/v2\/media?parent=8903"}],"wp:term":[{"taxonomy":"category","embeddable":true,"href":"https:\/\/tvnova.tv.br\/jornalfatonovo\/wp-json\/wp\/v2\/categories?post=8903"},{"taxonomy":"post_tag","embeddable":true,"href":"https:\/\/tvnova.tv.br\/jornalfatonovo\/wp-json\/wp\/v2\/tags?post=8903"},{"taxonomy":"cores-categorias","embeddable":true,"href":"https:\/\/tvnova.tv.br\/jornalfatonovo\/wp-json\/wp\/v2\/cores-categorias?post=8903"}],"curies":[{"name":"wp","href":"https:\/\/api.w.org\/{rel}","templated":true}]}}