{"id":9020,"date":"2023-08-01T19:09:38","date_gmt":"2023-08-01T22:09:38","guid":{"rendered":"https:\/\/tvnova.tv.br\/jornalfatonovo\/?p=9020"},"modified":"2023-08-01T19:11:27","modified_gmt":"2023-08-01T22:11:27","slug":"moradores-de-uma-comunidade-em-salgadinho-denunciam-falta-de-seguranca-e-acumulo-de-lixo","status":"publish","type":"post","link":"https:\/\/tvnova.tv.br\/jornalfatonovo\/moradores-de-uma-comunidade-em-salgadinho-denunciam-falta-de-seguranca-e-acumulo-de-lixo\/","title":{"rendered":"Moradores de uma comunidade, em Salgadinho, denunciam falta de seguran\u00e7a e ac\u00famulo de lixo"},"content":{"rendered":"<p><span style=\"font-weight: 400\">No bairro de Salgadinho, em Olinda, um terreno abandonado h\u00e1 anos vem tirando o sossego dos moradores. O espa\u00e7o, que fica no cruzamento entre a Rua da Alegria e a Rua Osvaldo de Morais, passou a ser frequentado por moradores de rua, que usam drogas. Outra den\u00fancia \u00e9 que os pr\u00f3prios vizinhos est\u00e3o fazendo descarte de lixo no local, o que aumenta o mau cheiro e a prolifera\u00e7\u00e3o de doen\u00e7as.<\/span><\/p>\n<p><span style=\"font-weight: 400\">Um grande medo dos moradores \u00e9 da exposi\u00e7\u00e3o a criminosos, que podem se esconder no terreno abandonado para praticar assaltos. Eles reclamam da aus\u00eancia de policiamento e pedem uma posi\u00e7\u00e3o do Poder P\u00fablico. &#8220;Atualmente as dificuldades est\u00e3o aumentando, justamente porque n\u00e3o se v\u00ea policiais por aqui&#8221;, disse o estudante Ant\u00f4nio Jos\u00e9.\u00a0<\/span><\/p>\n<p><span style=\"font-weight: 400\">Em nota, a Secretaria Executiva de Manuten\u00e7\u00e3o Urbana de Olinda informou que at\u00e9 a pr\u00f3xima semana ser\u00e1 feito um levantamento na Rua da Alegria, para avaliar as necessidades e o trabalho a ser executado. J\u00e1 sobre a coleta de lixo, a secretaria disse que o servi\u00e7o \u00e9 realizado de segunda \u00e0 s\u00e1bado, durante a noite. A nota diz ainda que uma equipe de fiscaliza\u00e7\u00e3o da Secretaria Executiva de Servi\u00e7os P\u00fablicos ir\u00e1 ao local at\u00e9 amanh\u00e3 para programar o servi\u00e7o de capina\u00e7\u00e3o.\u00a0<\/span><\/p>\n<p><span style=\"font-weight: 400\">J\u00e1 no que diz respeito \u00e0 seguran\u00e7a da \u00e1rea, a Pol\u00edcia Militar informou que policiais do 1\u00baBPM v\u00eam intensificando a\u00e7\u00f5es no bairro, atrav\u00e9s de Guarni\u00e7\u00f5es T\u00e1ticas e Guarni\u00e7\u00f5es de Contra Resposta com viaturas e motos. A PM tamb\u00e9m alerta para a import\u00e2ncia do registro de ocorr\u00eancias atrav\u00e9s do n\u00famero 190, bem como o registro do boletim de ocorr\u00eancia na delegacia de Pol\u00edcia Civil.<\/span><\/p>\n","protected":false},"excerpt":{"rendered":"<p>No bairro de Salgadinho, em Olinda, um terreno abandonado h\u00e1 anos vem tirando o sossego dos moradores. O espa\u00e7o, que fica no cruzamento entre a Rua da Alegria e a Rua Osvaldo de Morais, passou a ser frequentado por moradores de rua, que usam drogas. Outra den\u00fancia \u00e9 que os pr\u00f3prios vizinhos est\u00e3o fazendo descarte [&hellip;]<\/p>\n","protected":false},"author":6,"featured_media":9021,"comment_status":"closed","ping_status":"","sticky":false,"template":"","format":"standard","meta":{"footnotes":""},"categories":[1],"tags":[1275,321,1276,1274],"cores-categorias":[],"class_list":["post-9020","post","type-post","status-publish","format-standard","has-post-thumbnail","hentry","category-cidades","tag-acumulo-de-lixo","tag-olinda","tag-salgadinho","tag-terreno-abandonado"],"yoast_head":"<!-- This site is optimized with the Yoast SEO plugin v27.2 - https:\/\/yoast.com\/product\/yoast-seo-wordpress\/ -->\n<title>Moradores de uma comunidade, em Salgadinho, denunciam falta de seguran\u00e7a e ac\u00famulo de lixo - Jornal Fato Novo<\/title>\n<meta name=\"robots\" content=\"index, follow, max-snippet:-1, max-image-preview:large, max-video-preview:-1\" \/>\n<link rel=\"canonical\" href=\"https:\/\/tvnova.tv.br\/jornalfatonovo\/moradores-de-uma-comunidade-em-salgadinho-denunciam-falta-de-seguranca-e-acumulo-de-lixo\/\" \/>\n<meta property=\"og:locale\" content=\"pt_BR\" \/>\n<meta property=\"og:type\" content=\"article\" \/>\n<meta property=\"og:title\" content=\"Moradores de uma comunidade, em Salgadinho, denunciam falta de seguran\u00e7a e ac\u00famulo de lixo - Jornal Fato Novo\" \/>\n<meta property=\"og:description\" content=\"No bairro de Salgadinho, em Olinda, um terreno abandonado h\u00e1 anos vem tirando o sossego dos moradores. O espa\u00e7o, que fica no cruzamento entre a Rua da Alegria e a Rua Osvaldo de Morais, passou a ser frequentado por moradores de rua, que usam drogas. Outra den\u00fancia \u00e9 que os pr\u00f3prios vizinhos est\u00e3o fazendo descarte [&hellip;]\" \/>\n<meta property=\"og:url\" content=\"https:\/\/tvnova.tv.br\/jornalfatonovo\/moradores-de-uma-comunidade-em-salgadinho-denunciam-falta-de-seguranca-e-acumulo-de-lixo\/\" \/>\n<meta property=\"og:site_name\" content=\"Jornal Fato Novo\" \/>\n<meta property=\"article:publisher\" content=\"https:\/\/www.facebook.com\/tvnovanordeste\/\" \/>\n<meta property=\"article:published_time\" content=\"2023-08-01T22:09:38+00:00\" \/>\n<meta property=\"article:modified_time\" content=\"2023-08-01T22:11:27+00:00\" \/>\n<meta property=\"og:image\" content=\"https:\/\/tvnova.tv.br\/jornalfatonovo\/wp-content\/uploads\/2023\/08\/salgadinho.png\" \/>\n\t<meta property=\"og:image:width\" content=\"891\" \/>\n\t<meta property=\"og:image:height\" content=\"497\" \/>\n\t<meta property=\"og:image:type\" content=\"image\/png\" \/>\n<meta name=\"author\" content=\"Victoria Campos\" \/>\n<meta name=\"twitter:card\" content=\"summary_large_image\" \/>\n<meta name=\"twitter:creator\" content=\"@tvnovanordeste\" \/>\n<meta name=\"twitter:site\" content=\"@tvnovanordeste\" \/>\n<meta name=\"twitter:label1\" content=\"Escrito por\" \/>\n\t<meta name=\"twitter:data1\" content=\"Victoria Campos\" \/>\n\t<meta name=\"twitter:label2\" content=\"Est. tempo de leitura\" \/>\n\t<meta name=\"twitter:data2\" content=\"1 minuto\" \/>\n<script type=\"application\/ld+json\" class=\"yoast-schema-graph\">{\"@context\":\"https:\/\/schema.org\",\"@graph\":[{\"@type\":\"Article\",\"@id\":\"https:\/\/tvnova.tv.br\/jornalfatonovo\/moradores-de-uma-comunidade-em-salgadinho-denunciam-falta-de-seguranca-e-acumulo-de-lixo\/#article\",\"isPartOf\":{\"@id\":\"https:\/\/tvnova.tv.br\/jornalfatonovo\/moradores-de-uma-comunidade-em-salgadinho-denunciam-falta-de-seguranca-e-acumulo-de-lixo\/\"},\"author\":{\"name\":\"Victoria Campos\",\"@id\":\"https:\/\/tvnova.tv.br\/jornalfatonovo\/#\/schema\/person\/91ba9daadb7e96d3cbe5e1b84619be88\"},\"headline\":\"Moradores de uma comunidade, em Salgadinho, denunciam falta de seguran\u00e7a e ac\u00famulo de lixo\",\"datePublished\":\"2023-08-01T22:09:38+00:00\",\"dateModified\":\"2023-08-01T22:11:27+00:00\",\"mainEntityOfPage\":{\"@id\":\"https:\/\/tvnova.tv.br\/jornalfatonovo\/moradores-de-uma-comunidade-em-salgadinho-denunciam-falta-de-seguranca-e-acumulo-de-lixo\/\"},\"wordCount\":312,\"publisher\":{\"@id\":\"https:\/\/tvnova.tv.br\/jornalfatonovo\/#organization\"},\"image\":{\"@id\":\"https:\/\/tvnova.tv.br\/jornalfatonovo\/moradores-de-uma-comunidade-em-salgadinho-denunciam-falta-de-seguranca-e-acumulo-de-lixo\/#primaryimage\"},\"thumbnailUrl\":\"https:\/\/tvnova.tv.br\/jornalfatonovo\/wp-content\/uploads\/2023\/08\/salgadinho.png\",\"keywords\":[\"Ac\u00famulo de Lixo\",\"Olinda\",\"Salgadinho\",\"Terreno Abandonado\"],\"articleSection\":[\"Cidades\"],\"inLanguage\":\"pt-BR\"},{\"@type\":\"WebPage\",\"@id\":\"https:\/\/tvnova.tv.br\/jornalfatonovo\/moradores-de-uma-comunidade-em-salgadinho-denunciam-falta-de-seguranca-e-acumulo-de-lixo\/\",\"url\":\"https:\/\/tvnova.tv.br\/jornalfatonovo\/moradores-de-uma-comunidade-em-salgadinho-denunciam-falta-de-seguranca-e-acumulo-de-lixo\/\",\"name\":\"Moradores de uma comunidade, em Salgadinho, denunciam falta de seguran\u00e7a e ac\u00famulo de lixo - Jornal Fato Novo\",\"isPartOf\":{\"@id\":\"https:\/\/tvnova.tv.br\/jornalfatonovo\/#website\"},\"primaryImageOfPage\":{\"@id\":\"https:\/\/tvnova.tv.br\/jornalfatonovo\/moradores-de-uma-comunidade-em-salgadinho-denunciam-falta-de-seguranca-e-acumulo-de-lixo\/#primaryimage\"},\"image\":{\"@id\":\"https:\/\/tvnova.tv.br\/jornalfatonovo\/moradores-de-uma-comunidade-em-salgadinho-denunciam-falta-de-seguranca-e-acumulo-de-lixo\/#primaryimage\"},\"thumbnailUrl\":\"https:\/\/tvnova.tv.br\/jornalfatonovo\/wp-content\/uploads\/2023\/08\/salgadinho.png\",\"datePublished\":\"2023-08-01T22:09:38+00:00\",\"dateModified\":\"2023-08-01T22:11:27+00:00\",\"breadcrumb\":{\"@id\":\"https:\/\/tvnova.tv.br\/jornalfatonovo\/moradores-de-uma-comunidade-em-salgadinho-denunciam-falta-de-seguranca-e-acumulo-de-lixo\/#breadcrumb\"},\"inLanguage\":\"pt-BR\",\"potentialAction\":[{\"@type\":\"ReadAction\",\"target\":[\"https:\/\/tvnova.tv.br\/jornalfatonovo\/moradores-de-uma-comunidade-em-salgadinho-denunciam-falta-de-seguranca-e-acumulo-de-lixo\/\"]}]},{\"@type\":\"ImageObject\",\"inLanguage\":\"pt-BR\",\"@id\":\"https:\/\/tvnova.tv.br\/jornalfatonovo\/moradores-de-uma-comunidade-em-salgadinho-denunciam-falta-de-seguranca-e-acumulo-de-lixo\/#primaryimage\",\"url\":\"https:\/\/tvnova.tv.br\/jornalfatonovo\/wp-content\/uploads\/2023\/08\/salgadinho.png\",\"contentUrl\":\"https:\/\/tvnova.tv.br\/jornalfatonovo\/wp-content\/uploads\/2023\/08\/salgadinho.png\",\"width\":891,\"height\":497},{\"@type\":\"BreadcrumbList\",\"@id\":\"https:\/\/tvnova.tv.br\/jornalfatonovo\/moradores-de-uma-comunidade-em-salgadinho-denunciam-falta-de-seguranca-e-acumulo-de-lixo\/#breadcrumb\",\"itemListElement\":[{\"@type\":\"ListItem\",\"position\":1,\"name\":\"In\u00edcio\",\"item\":\"https:\/\/tvnova.tv.br\/jornalfatonovo\/\"},{\"@type\":\"ListItem\",\"position\":2,\"name\":\"Moradores de uma comunidade, em Salgadinho, denunciam falta de seguran\u00e7a e ac\u00famulo de lixo\"}]},{\"@type\":\"WebSite\",\"@id\":\"https:\/\/tvnova.tv.br\/jornalfatonovo\/#website\",\"url\":\"https:\/\/tvnova.tv.br\/jornalfatonovo\/\",\"name\":\"Jornal Fato Novo\",\"description\":\"Acompanhe as not\u00edcias de Pernambuco\",\"publisher\":{\"@id\":\"https:\/\/tvnova.tv.br\/jornalfatonovo\/#organization\"},\"potentialAction\":[{\"@type\":\"SearchAction\",\"target\":{\"@type\":\"EntryPoint\",\"urlTemplate\":\"https:\/\/tvnova.tv.br\/jornalfatonovo\/?s={search_term_string}\"},\"query-input\":{\"@type\":\"PropertyValueSpecification\",\"valueRequired\":true,\"valueName\":\"search_term_string\"}}],\"inLanguage\":\"pt-BR\"},{\"@type\":\"Organization\",\"@id\":\"https:\/\/tvnova.tv.br\/jornalfatonovo\/#organization\",\"name\":\"Jornal Fato Novo\",\"url\":\"https:\/\/tvnova.tv.br\/jornalfatonovo\/\",\"logo\":{\"@type\":\"ImageObject\",\"inLanguage\":\"pt-BR\",\"@id\":\"https:\/\/tvnova.tv.br\/jornalfatonovo\/#\/schema\/logo\/image\/\",\"url\":\"https:\/\/tvnova.tv.br\/jornalfatonovo1\/wp-content\/uploads\/2023\/04\/FATO-NOVO-1.png\",\"contentUrl\":\"https:\/\/tvnova.tv.br\/jornalfatonovo1\/wp-content\/uploads\/2023\/04\/FATO-NOVO-1.png\",\"width\":200,\"height\":60,\"caption\":\"Jornal Fato Novo\"},\"image\":{\"@id\":\"https:\/\/tvnova.tv.br\/jornalfatonovo\/#\/schema\/logo\/image\/\"},\"sameAs\":[\"https:\/\/www.facebook.com\/tvnovanordeste\/\",\"https:\/\/x.com\/tvnovanordeste\",\"https:\/\/www.instagram.com\/jornalfatonovope\/\"]},{\"@type\":\"Person\",\"@id\":\"https:\/\/tvnova.tv.br\/jornalfatonovo\/#\/schema\/person\/91ba9daadb7e96d3cbe5e1b84619be88\",\"name\":\"Victoria Campos\",\"url\":\"https:\/\/tvnova.tv.br\/jornalfatonovo\/author\/victoria\/\"}]}<\/script>\n<!-- \/ Yoast SEO plugin. -->","yoast_head_json":{"title":"Moradores de uma comunidade, em Salgadinho, denunciam falta de seguran\u00e7a e ac\u00famulo de lixo - Jornal Fato Novo","robots":{"index":"index","follow":"follow","max-snippet":"max-snippet:-1","max-image-preview":"max-image-preview:large","max-video-preview":"max-video-preview:-1"},"canonical":"https:\/\/tvnova.tv.br\/jornalfatonovo\/moradores-de-uma-comunidade-em-salgadinho-denunciam-falta-de-seguranca-e-acumulo-de-lixo\/","og_locale":"pt_BR","og_type":"article","og_title":"Moradores de uma comunidade, em Salgadinho, denunciam falta de seguran\u00e7a e ac\u00famulo de lixo - Jornal Fato Novo","og_description":"No bairro de Salgadinho, em Olinda, um terreno abandonado h\u00e1 anos vem tirando o sossego dos moradores. O espa\u00e7o, que fica no cruzamento entre a Rua da Alegria e a Rua Osvaldo de Morais, passou a ser frequentado por moradores de rua, que usam drogas. Outra den\u00fancia \u00e9 que os pr\u00f3prios vizinhos est\u00e3o fazendo descarte [&hellip;]","og_url":"https:\/\/tvnova.tv.br\/jornalfatonovo\/moradores-de-uma-comunidade-em-salgadinho-denunciam-falta-de-seguranca-e-acumulo-de-lixo\/","og_site_name":"Jornal Fato Novo","article_publisher":"https:\/\/www.facebook.com\/tvnovanordeste\/","article_published_time":"2023-08-01T22:09:38+00:00","article_modified_time":"2023-08-01T22:11:27+00:00","og_image":[{"width":891,"height":497,"url":"https:\/\/tvnova.tv.br\/jornalfatonovo\/wp-content\/uploads\/2023\/08\/salgadinho.png","type":"image\/png"}],"author":"Victoria Campos","twitter_card":"summary_large_image","twitter_creator":"@tvnovanordeste","twitter_site":"@tvnovanordeste","twitter_misc":{"Escrito por":"Victoria Campos","Est. tempo de leitura":"1 minuto"},"schema":{"@context":"https:\/\/schema.org","@graph":[{"@type":"Article","@id":"https:\/\/tvnova.tv.br\/jornalfatonovo\/moradores-de-uma-comunidade-em-salgadinho-denunciam-falta-de-seguranca-e-acumulo-de-lixo\/#article","isPartOf":{"@id":"https:\/\/tvnova.tv.br\/jornalfatonovo\/moradores-de-uma-comunidade-em-salgadinho-denunciam-falta-de-seguranca-e-acumulo-de-lixo\/"},"author":{"name":"Victoria Campos","@id":"https:\/\/tvnova.tv.br\/jornalfatonovo\/#\/schema\/person\/91ba9daadb7e96d3cbe5e1b84619be88"},"headline":"Moradores de uma comunidade, em Salgadinho, denunciam falta de seguran\u00e7a e ac\u00famulo de lixo","datePublished":"2023-08-01T22:09:38+00:00","dateModified":"2023-08-01T22:11:27+00:00","mainEntityOfPage":{"@id":"https:\/\/tvnova.tv.br\/jornalfatonovo\/moradores-de-uma-comunidade-em-salgadinho-denunciam-falta-de-seguranca-e-acumulo-de-lixo\/"},"wordCount":312,"publisher":{"@id":"https:\/\/tvnova.tv.br\/jornalfatonovo\/#organization"},"image":{"@id":"https:\/\/tvnova.tv.br\/jornalfatonovo\/moradores-de-uma-comunidade-em-salgadinho-denunciam-falta-de-seguranca-e-acumulo-de-lixo\/#primaryimage"},"thumbnailUrl":"https:\/\/tvnova.tv.br\/jornalfatonovo\/wp-content\/uploads\/2023\/08\/salgadinho.png","keywords":["Ac\u00famulo de Lixo","Olinda","Salgadinho","Terreno Abandonado"],"articleSection":["Cidades"],"inLanguage":"pt-BR"},{"@type":"WebPage","@id":"https:\/\/tvnova.tv.br\/jornalfatonovo\/moradores-de-uma-comunidade-em-salgadinho-denunciam-falta-de-seguranca-e-acumulo-de-lixo\/","url":"https:\/\/tvnova.tv.br\/jornalfatonovo\/moradores-de-uma-comunidade-em-salgadinho-denunciam-falta-de-seguranca-e-acumulo-de-lixo\/","name":"Moradores de uma comunidade, em Salgadinho, denunciam falta de seguran\u00e7a e ac\u00famulo de lixo - Jornal Fato Novo","isPartOf":{"@id":"https:\/\/tvnova.tv.br\/jornalfatonovo\/#website"},"primaryImageOfPage":{"@id":"https:\/\/tvnova.tv.br\/jornalfatonovo\/moradores-de-uma-comunidade-em-salgadinho-denunciam-falta-de-seguranca-e-acumulo-de-lixo\/#primaryimage"},"image":{"@id":"https:\/\/tvnova.tv.br\/jornalfatonovo\/moradores-de-uma-comunidade-em-salgadinho-denunciam-falta-de-seguranca-e-acumulo-de-lixo\/#primaryimage"},"thumbnailUrl":"https:\/\/tvnova.tv.br\/jornalfatonovo\/wp-content\/uploads\/2023\/08\/salgadinho.png","datePublished":"2023-08-01T22:09:38+00:00","dateModified":"2023-08-01T22:11:27+00:00","breadcrumb":{"@id":"https:\/\/tvnova.tv.br\/jornalfatonovo\/moradores-de-uma-comunidade-em-salgadinho-denunciam-falta-de-seguranca-e-acumulo-de-lixo\/#breadcrumb"},"inLanguage":"pt-BR","potentialAction":[{"@type":"ReadAction","target":["https:\/\/tvnova.tv.br\/jornalfatonovo\/moradores-de-uma-comunidade-em-salgadinho-denunciam-falta-de-seguranca-e-acumulo-de-lixo\/"]}]},{"@type":"ImageObject","inLanguage":"pt-BR","@id":"https:\/\/tvnova.tv.br\/jornalfatonovo\/moradores-de-uma-comunidade-em-salgadinho-denunciam-falta-de-seguranca-e-acumulo-de-lixo\/#primaryimage","url":"https:\/\/tvnova.tv.br\/jornalfatonovo\/wp-content\/uploads\/2023\/08\/salgadinho.png","contentUrl":"https:\/\/tvnova.tv.br\/jornalfatonovo\/wp-content\/uploads\/2023\/08\/salgadinho.png","width":891,"height":497},{"@type":"BreadcrumbList","@id":"https:\/\/tvnova.tv.br\/jornalfatonovo\/moradores-de-uma-comunidade-em-salgadinho-denunciam-falta-de-seguranca-e-acumulo-de-lixo\/#breadcrumb","itemListElement":[{"@type":"ListItem","position":1,"name":"In\u00edcio","item":"https:\/\/tvnova.tv.br\/jornalfatonovo\/"},{"@type":"ListItem","position":2,"name":"Moradores de uma comunidade, em Salgadinho, denunciam falta de seguran\u00e7a e ac\u00famulo de lixo"}]},{"@type":"WebSite","@id":"https:\/\/tvnova.tv.br\/jornalfatonovo\/#website","url":"https:\/\/tvnova.tv.br\/jornalfatonovo\/","name":"Jornal Fato Novo","description":"Acompanhe as not\u00edcias de Pernambuco","publisher":{"@id":"https:\/\/tvnova.tv.br\/jornalfatonovo\/#organization"},"potentialAction":[{"@type":"SearchAction","target":{"@type":"EntryPoint","urlTemplate":"https:\/\/tvnova.tv.br\/jornalfatonovo\/?s={search_term_string}"},"query-input":{"@type":"PropertyValueSpecification","valueRequired":true,"valueName":"search_term_string"}}],"inLanguage":"pt-BR"},{"@type":"Organization","@id":"https:\/\/tvnova.tv.br\/jornalfatonovo\/#organization","name":"Jornal Fato Novo","url":"https:\/\/tvnova.tv.br\/jornalfatonovo\/","logo":{"@type":"ImageObject","inLanguage":"pt-BR","@id":"https:\/\/tvnova.tv.br\/jornalfatonovo\/#\/schema\/logo\/image\/","url":"https:\/\/tvnova.tv.br\/jornalfatonovo1\/wp-content\/uploads\/2023\/04\/FATO-NOVO-1.png","contentUrl":"https:\/\/tvnova.tv.br\/jornalfatonovo1\/wp-content\/uploads\/2023\/04\/FATO-NOVO-1.png","width":200,"height":60,"caption":"Jornal Fato Novo"},"image":{"@id":"https:\/\/tvnova.tv.br\/jornalfatonovo\/#\/schema\/logo\/image\/"},"sameAs":["https:\/\/www.facebook.com\/tvnovanordeste\/","https:\/\/x.com\/tvnovanordeste","https:\/\/www.instagram.com\/jornalfatonovope\/"]},{"@type":"Person","@id":"https:\/\/tvnova.tv.br\/jornalfatonovo\/#\/schema\/person\/91ba9daadb7e96d3cbe5e1b84619be88","name":"Victoria Campos","url":"https:\/\/tvnova.tv.br\/jornalfatonovo\/author\/victoria\/"}]}},"_links":{"self":[{"href":"https:\/\/tvnova.tv.br\/jornalfatonovo\/wp-json\/wp\/v2\/posts\/9020","targetHints":{"allow":["GET"]}}],"collection":[{"href":"https:\/\/tvnova.tv.br\/jornalfatonovo\/wp-json\/wp\/v2\/posts"}],"about":[{"href":"https:\/\/tvnova.tv.br\/jornalfatonovo\/wp-json\/wp\/v2\/types\/post"}],"author":[{"embeddable":true,"href":"https:\/\/tvnova.tv.br\/jornalfatonovo\/wp-json\/wp\/v2\/users\/6"}],"replies":[{"embeddable":true,"href":"https:\/\/tvnova.tv.br\/jornalfatonovo\/wp-json\/wp\/v2\/comments?post=9020"}],"version-history":[{"count":0,"href":"https:\/\/tvnova.tv.br\/jornalfatonovo\/wp-json\/wp\/v2\/posts\/9020\/revisions"}],"wp:featuredmedia":[{"embeddable":true,"href":"https:\/\/tvnova.tv.br\/jornalfatonovo\/wp-json\/wp\/v2\/media\/9021"}],"wp:attachment":[{"href":"https:\/\/tvnova.tv.br\/jornalfatonovo\/wp-json\/wp\/v2\/media?parent=9020"}],"wp:term":[{"taxonomy":"category","embeddable":true,"href":"https:\/\/tvnova.tv.br\/jornalfatonovo\/wp-json\/wp\/v2\/categories?post=9020"},{"taxonomy":"post_tag","embeddable":true,"href":"https:\/\/tvnova.tv.br\/jornalfatonovo\/wp-json\/wp\/v2\/tags?post=9020"},{"taxonomy":"cores-categorias","embeddable":true,"href":"https:\/\/tvnova.tv.br\/jornalfatonovo\/wp-json\/wp\/v2\/cores-categorias?post=9020"}],"curies":[{"name":"wp","href":"https:\/\/api.w.org\/{rel}","templated":true}]}}